{"id":10842,"date":"2022-03-15T14:27:28","date_gmt":"2022-03-15T13:27:28","guid":{"rendered":"https:\/\/www.kp.sik.si\/?p=10842"},"modified":"2022-03-21T11:56:24","modified_gmt":"2022-03-21T10:56:24","slug":"sul-sentiero-della-creativita-limmaginazione-e-volata","status":"publish","type":"post","link":"https:\/\/www.kp.sik.si\/it\/2022\/03\/15\/sul-sentiero-della-creativita-limmaginazione-e-volata\/","title":{"rendered":"Sul sentiero della creativit\u00e0: l&#8217;immaginazione \u00e8 volata"},"content":{"rendered":"<p><strong>La Biblioteca centrale Sre\u010dko Vilhar di Capodistria e l&#8217;associazione culturale Gajbla, nell&#8217;ambito del progetto <\/strong><strong>\u201cSul sentiero della creativit\u00e0 \u2013 i giovani scrivono\u201d, nel mese di aprile organizzano laboratori di scrittura creativa rivolti a tutti i giovani autori (15-25 anni). I laboratori sono guidati dalla <\/strong><strong>dalla drammaturga, attrice e professoressa Samanta Kobal, e si terranno dal 7 al 9 aprile 2022.<\/strong><\/p>\n<p><strong>7\/4\/2022 dalle ore 17 alle \u00a0ore19 &#8211; Come e perch\u00e9 dirlo <\/strong><\/p>\n<p>Le storie esistono da quando esiste l&#8217;uomo, veicolano informazioni, sentimenti e conoscenze sulla nostra esistenza, sui legami con i nostri antenati, i nostri desideri per il futuro; sono i tessitrici di avvenimenti umani quotidiani pi\u00f9 o meno importanti, sono uno specchio del tempo, di noi stessi e dei legami e delle relazioni umane.<\/p>\n<p>Comprendere il meccanismo della narrazione apre anche la comprensione al meccanismo della narrazione. Attraverso la narrazione alleniamo la parola viva, il flusso del pensiero, la rappresentazione spaziale, il tempo, il ritmo della stessa e dell&#8217;interpretazione. La narrazione rafforza il legame umano, ravviva il corpo e la mente.<\/p>\n<p>Il laboratorio si svolger\u00e0 sulla piattaforma Zoom: <a href=\"https:\/\/arnes-si.zoom.us\/j\/94870962473\" target=\"_blank\" rel=\"noopener\">https:\/\/arnes-si.zoom.us\/j\/94870962473<\/a><\/p>\n<p>&nbsp;<\/p>\n<p><strong>8\/4\/2022 dalle ore 17 alle ore 19 \u2013 Alla ricerca dei caratteri<\/strong><\/p>\n<p>Attravero l&#8217;esplorazione dell&#8217;immaginazione cerchiamo le scintille che accendono il motore della storia. Analizzeremo la struttura interna della storia e penseremo agli elementi di base della storia. Penseremo alla drammaturgia delle storie. Inizieremo a scrivere storie.<\/p>\n<p>Il laboratorio si svolger\u00e0 sulla piattaforma Zoom: <a href=\"https:\/\/arnes-si.zoom.us\/j\/95070979228\" target=\"_blank\" rel=\"noopener\">https:\/\/arnes-si.zoom.us\/j\/95070979228<\/a><\/p>\n<p>&nbsp;<\/p>\n<p><strong>9\/4\/2022 dalle ore 10.00 alle ore 12.00 e dalle ore 13.30 alle ore 15.30 \u2013 Addentrarsi nella storia <\/strong><\/p>\n<p>Nella prima parte del terzo incontro, continueremo a scrivere storie. Penseremo ai rapporti tra gli eroi, al loro legame con l&#8217;ambiente, al punto di vista dei singoli protagonisti e al linguaggio usato dai personaggi nella nostra storia.<\/p>\n<p>Nella seconda parte di questo terzo incontro daremo lettura alle storie, le integreremo, ne discuteremo ed espanderemo la nostra visione del futuro, progettando nuove storie.<\/p>\n<p>Il laboratorio si svolger\u00e0 sulla piattaforma Zoom: <a href=\"https:\/\/arnes-si.zoom.us\/j\/96146112071\" target=\"_blank\" rel=\"noopener\">https:\/\/arnes-si.zoom.us\/j\/96146112071<\/a><\/p>\n<p>Invitati!<\/p>\n<p>&nbsp;<\/p>\n<div class=\"fb-background-color\">\n\t\t\t  <div \n\t\t\t  \tclass = \"fb-comments\" \n\t\t\t  \tdata-href = \"https:\/\/www.kp.sik.si\/it\/2022\/03\/15\/sul-sentiero-della-creativita-limmaginazione-e-volata\/\"\n\t\t\t  \tdata-numposts = \"10\"\n\t\t\t  \tdata-lazy = \"true\"\n\t\t\t\tdata-colorscheme = \"light\"\n\t\t\t\tdata-order-by = \"social\"\n\t\t\t\tdata-mobile=true>\n\t\t\t  <\/div><\/div>\n\t\t  <style>\n\t\t    .fb-background-color {\n\t\t\t\tbackground:  !important;\n\t\t\t}\n\t\t\t.fb_iframe_widget_fluid_desktop iframe {\n\t\t\t    width: 100% !important;\n\t\t\t}\n\t\t  <\/style>\n\t\t  ","protected":false},"excerpt":{"rendered":"<p>La Biblioteca centrale Sre\u010dko Vilhar di Capodistria e l&#8217;associazione culturale Gajbla, nell&#8217;ambito del progetto \u201cSul sentiero della creativit\u00e0 \u2013 i giovani scrivono\u201d, nel mese di aprile organizzano laboratori di scrittura [&hellip;]<\/p>\n","protected":false},"author":7,"featured_media":7744,"comment_status":"open","ping_status":"open","sticky":false,"template":"","format":"standard","meta":{"_acf_changed":false,"footnotes":""},"categories":[49],"tags":[],"class_list":["post-10842","post","type-post","status-publish","format-standard","has-post-thumbnail","hentry","category-informazioni-generali"],"acf":[],"_links":{"self":[{"href":"https:\/\/www.kp.sik.si\/it\/wp-json\/wp\/v2\/posts\/10842","targetHints":{"allow":["GET"]}}],"collection":[{"href":"https:\/\/www.kp.sik.si\/it\/wp-json\/wp\/v2\/posts"}],"about":[{"href":"https:\/\/www.kp.sik.si\/it\/wp-json\/wp\/v2\/types\/post"}],"author":[{"embeddable":true,"href":"https:\/\/www.kp.sik.si\/it\/wp-json\/wp\/v2\/users\/7"}],"replies":[{"embeddable":true,"href":"https:\/\/www.kp.sik.si\/it\/wp-json\/wp\/v2\/comments?post=10842"}],"version-history":[{"count":3,"href":"https:\/\/www.kp.sik.si\/it\/wp-json\/wp\/v2\/posts\/10842\/revisions"}],"predecessor-version":[{"id":10906,"href":"https:\/\/www.kp.sik.si\/it\/wp-json\/wp\/v2\/posts\/10842\/revisions\/10906"}],"wp:featuredmedia":[{"embeddable":true,"href":"https:\/\/www.kp.sik.si\/it\/wp-json\/wp\/v2\/media\/7744"}],"wp:attachment":[{"href":"https:\/\/www.kp.sik.si\/it\/wp-json\/wp\/v2\/media?parent=10842"}],"wp:term":[{"taxonomy":"category","embeddable":true,"href":"https:\/\/www.kp.sik.si\/it\/wp-json\/wp\/v2\/categories?post=10842"},{"taxonomy":"post_tag","embeddable":true,"href":"https:\/\/www.kp.sik.si\/it\/wp-json\/wp\/v2\/tags?post=10842"}],"curies":[{"name":"wp","href":"https:\/\/api.w.org\/{rel}","templated":true}]}}