{"id":11576,"date":"2022-04-22T13:02:50","date_gmt":"2022-04-22T11:02:50","guid":{"rendered":"https:\/\/www.kp.sik.si\/?p=11576"},"modified":"2022-04-22T13:02:50","modified_gmt":"2022-04-22T11:02:50","slug":"nuovo-sito-web-per-la-biblioteca-di-ancarano","status":"publish","type":"post","link":"https:\/\/www.kp.sik.si\/it\/2022\/04\/22\/nuovo-sito-web-per-la-biblioteca-di-ancarano\/","title":{"rendered":"NUOVO SITO WEB PER LA BIBLIOTECA DI ANCARANO"},"content":{"rendered":"<p><strong>Quest&#8217;anno ricorre il 5\u00b0 anniversario dell&#8217;apertura della Biblioteca di Ancarano, il 24 aprile 2017 veniva inaugurata al pubblico. Per festeggiare l&#8217;anniversario, il 26 aprile alle ore 18:00, in collaborazione con diversi personaggi attivi nel campo della cultura \u00e8 previsto l&#8217;incontro con protagonisti della rivista \u201cFontana\u201d. Altra novit\u00e0 da evidenziare \u00e8 il nuovo sito web che sar\u00e0 lanciato luned\u00ec 25 aprile.<\/strong><\/p>\n<p>\u201cLa nuova pagina web guider\u00e0 gli utenti attraverso la rassegna di eventi organizzati dalla Biblioteca di Ancarano. L\u2019accesso al sito diventa facilitato, ricco di immagini e con funzionalit\u00e0 aggiornate. La Biblioteca di Ancarano si impegna a fornire quegli strumenti affinch\u00e9 gli utenti possano trovare informazioni utili, idee e spunti per il lavoro, lo studio e il tempo libero.\u201d dice il direttore della biblioteca sig. David Runco, invitando all\u2019evento con la rivista \u201cFontana\u201d.<\/p>\n<p><strong>Sre\u010danje fontanovcev\/ Incontro con la rivista \u201cFontana\u201d<\/strong><\/p>\n<p>Il 26 aprile 2022, alle ore 18, il redattore Edelman Jurin\u010di\u010d e l\u2019editrice Ingrid Celestina presiederanno la presentazione del numero 61\/62 della rivista \u201cFontana\u201d presso la Residenza Ortus.<\/p>\n<p>L\u2019incontro vedr\u00e0 la celebrazione per il 150\u00b0 anniversario dell\u2019Associazione degli scrittori sloveni e il 100\u00b0 anniversario della nascita del poeta Karel Destovnik Kajuh. A nome dell\u2019Associazione degli scrittori sloveni, il vicepresidente Tone Per\u0161ak presenter\u00e0 una breve saggio, a dare maggior timbro all\u2019evento saranno scrittori d\u2019oltreconfine e dell\u2019Istria slovena, che nel 1989 hanno dato lettura dei loro contributi a sostegno della democrazia slovena.<\/p>\n<p>&nbsp;<\/p>\n<p>&nbsp;<\/p>\n<p>&nbsp;<\/p>\n<p>Tina Sara\u017ein<\/p>\n<p>Biblioteca centrale Sre\u010dko Vilhar Capodistria<\/p>\n<p>Biblioteca di Ancarano<\/p>\n<p>Tel.: 031 450 500<\/p>\n<p>E-mail: <a href=\"mailto:tina.sarazin@knjiznica-koper.si\">tina.sarazin@knjiznica-koper.si<\/a> o <a href=\"mailto:tsarazin@gmail.com\">tsarazin@gmail.com<\/a><\/p>\n<p>&nbsp;<\/p>\n<div class=\"fb-background-color\">\n\t\t\t  <div \n\t\t\t  \tclass = \"fb-comments\" \n\t\t\t  \tdata-href = \"https:\/\/www.kp.sik.si\/it\/2022\/04\/22\/nuovo-sito-web-per-la-biblioteca-di-ancarano\/\"\n\t\t\t  \tdata-numposts = \"10\"\n\t\t\t  \tdata-lazy = \"true\"\n\t\t\t\tdata-colorscheme = \"light\"\n\t\t\t\tdata-order-by = \"social\"\n\t\t\t\tdata-mobile=true>\n\t\t\t  <\/div><\/div>\n\t\t  <style>\n\t\t    .fb-background-color {\n\t\t\t\tbackground:  !important;\n\t\t\t}\n\t\t\t.fb_iframe_widget_fluid_desktop iframe {\n\t\t\t    width: 100% !important;\n\t\t\t}\n\t\t  <\/style>\n\t\t  ","protected":false},"excerpt":{"rendered":"<p>Quest&#8217;anno ricorre il 5\u00b0 anniversario dell&#8217;apertura della Biblioteca di Ancarano, il 24 aprile 2017 veniva inaugurata al pubblico. Per festeggiare l&#8217;anniversario, il 26 aprile alle ore 18:00, in collaborazione con [&hellip;]<\/p>\n","protected":false},"author":7,"featured_media":10889,"comment_status":"open","ping_status":"open","sticky":false,"template":"","format":"standard","meta":{"_acf_changed":false,"footnotes":""},"categories":[49],"tags":[],"class_list":["post-11576","post","type-post","status-publish","format-standard","has-post-thumbnail","hentry","category-informazioni-generali"],"acf":[],"_links":{"self":[{"href":"https:\/\/www.kp.sik.si\/it\/wp-json\/wp\/v2\/posts\/11576","targetHints":{"allow":["GET"]}}],"collection":[{"href":"https:\/\/www.kp.sik.si\/it\/wp-json\/wp\/v2\/posts"}],"about":[{"href":"https:\/\/www.kp.sik.si\/it\/wp-json\/wp\/v2\/types\/post"}],"author":[{"embeddable":true,"href":"https:\/\/www.kp.sik.si\/it\/wp-json\/wp\/v2\/users\/7"}],"replies":[{"embeddable":true,"href":"https:\/\/www.kp.sik.si\/it\/wp-json\/wp\/v2\/comments?post=11576"}],"version-history":[{"count":1,"href":"https:\/\/www.kp.sik.si\/it\/wp-json\/wp\/v2\/posts\/11576\/revisions"}],"predecessor-version":[{"id":11577,"href":"https:\/\/www.kp.sik.si\/it\/wp-json\/wp\/v2\/posts\/11576\/revisions\/11577"}],"wp:featuredmedia":[{"embeddable":true,"href":"https:\/\/www.kp.sik.si\/it\/wp-json\/wp\/v2\/media\/10889"}],"wp:attachment":[{"href":"https:\/\/www.kp.sik.si\/it\/wp-json\/wp\/v2\/media?parent=11576"}],"wp:term":[{"taxonomy":"category","embeddable":true,"href":"https:\/\/www.kp.sik.si\/it\/wp-json\/wp\/v2\/categories?post=11576"},{"taxonomy":"post_tag","embeddable":true,"href":"https:\/\/www.kp.sik.si\/it\/wp-json\/wp\/v2\/tags?post=11576"}],"curies":[{"name":"wp","href":"https:\/\/api.w.org\/{rel}","templated":true}]}}