{"id":12563,"date":"2022-05-30T09:54:51","date_gmt":"2022-05-30T07:54:51","guid":{"rendered":"https:\/\/www.kp.sik.si\/?p=12563"},"modified":"2022-05-30T09:54:51","modified_gmt":"2022-05-30T07:54:51","slug":"cosa-hanno-in-comune-le-api-la-musica-la-poesia-e-i-romanzi-tutto-questo-vi-aspetta-alla-biblioteca-di-capodistria","status":"publish","type":"post","link":"https:\/\/www.kp.sik.si\/it\/2022\/05\/30\/cosa-hanno-in-comune-le-api-la-musica-la-poesia-e-i-romanzi-tutto-questo-vi-aspetta-alla-biblioteca-di-capodistria\/","title":{"rendered":"Cosa hanno in comune le api, la musica, la poesia e i romanzi?  Tutto questo vi aspetta alla Biblioteca di Capodistria"},"content":{"rendered":"<p><strong>La Biblioteca centrale di Sre\u010dko Vilhar di Capodistria e la Biblioteca di Ancarano salutano il mese di maggio con un evento dedicato alla poesia. Marted\u00ec 24 maggio, alle ore 18.00, la Biblioteca di Ancarano ospiter\u00e0 una serata letteraria in compagnia della poetessa Martina Dagostini, mentre il mese di giugno sar\u00e0 inaugurato da un pomeriggio letterario dedicato agli anziani del Centro diurno di Capodistria. Uno degli eventi principali sar\u00e0 l&#8217;inaugurazione di una mostra sulla vita del compositore Vladimir Lovec.<\/strong><\/p>\n<p><strong>Raccolta di poesie <em>Terra Acqua Pane<\/em><\/strong><\/p>\n<p><strong>Il 24 maggio, alle ore 18.00, <\/strong>la Biblioteca di Ancarano presenter\u00e0 la prima edizione della raccolta di poesie <em>Terra Acqua Pane<\/em> di<strong> Martina Dagostini.<\/strong><\/p>\n<p>L&#8217;autrice spiega che la raccolta \u00e8 il frutto di molti anni di scrittura. &#8220;<em>Non sono una scrittrice costante e diligente. Scrivo solo in momenti particolari, spesso difficili, e ogni poesia porta con\u00a0se\u00a0una storia, un messaggio. Le poesie sono la mia vita, le mie scelte, i successi, i fallimenti, gli amori, le gioie, le delusioni<\/em>\u2026<strong> &#8220;<\/strong> La raccolta, che \u00e8 un\u2019autoedizione, offre una passeggiata attraverso le esperienze di vita di una donna straordinaria che ha affrontato pi\u00f9 volte le sfide che hanno incrociato il suo cammino.<\/p>\n<p><strong>\u201cDavanti a me avevo solo questo obiettivo, diventare direttore d&#8217;orchestra e compositore\u201d. Vladimir Lovec<\/strong><\/p>\n<p><strong>Il 1\u00b0 giugno, alle ore 19.00, <\/strong>la Biblioteca centrale Sre\u010dko di Capodistria inaugura la mostra sulla vita di Vladimir Lovec, che rimarr\u00e0 aperta fino al 30 giugno.<\/p>\n<p>Nel 2022 avranno luogo una serie di eventi nonch\u00e9 attivit\u00e0 per celebrare il 100\u00b0 anniversario della nascita di Vladimir Lovec (1922-1992), importante compositore, direttore d\u2019orchestra, pedagogo e pubblicista vissuto a Capodistria. Tutto il mese di giugno vedr\u00e0 allestita, nell\u2019atrio della Biblioteca centrale Sre\u010dko Vilhar, una mostra che presenta il lavoro di Lovec. Al suo attivo ha una serie di opere musicali molto apprezzate e recensite positivamente nei circoli musicali, opere che sono state eseguite dai migliori interpreti sloveni e stranieri sui palcoscenici nazionali e molte portate all\u2019estero in occasione di importanti festival di musica contemporanea. La mostra conduce il visitatore attraverso il processo dinamico di creazione di nuova musica, quando la tecnologia moderna ancora non esisteva e i compositori potevano fare affidamento solo sul lapis, la notazione musicale e l\u2019orecchio sensibile.<\/p>\n<p>La mostra \u00e8 patrocinata dalla Scuola di Musica di Capodistria, dalla Biblioteca Centrale Sre\u010dko Vilhar di Capodistria e dal Comune di Capodistria, in collaborazione con l\u2019Istituto di Belle Arti, l\u2019Archivio Regionale di Capodistria, la Biblioteca Nazionale e Universitaria di Lubiana, l\u2019Associazione dei Compositori Sloveni e la famiglia Lovec.<\/p>\n<p><strong>Ospiti all\u2019inaugurazione della mostra:<\/strong> dott. Ivan Florjanc, professore di composizione presso l\u2019Accademia di Musica dell\u2019Universit\u00e0 di Lubiana,Tomo Vran, pittore e grafico accademico, dott.ssa Alenka Zupan, flautista accademica specializzata, e gli allievi del dipartimento di balletto della Scuola di Musica di Capodistria.<\/p>\n<p><strong>Barbara Hanu\u0161 al Centro di attivit\u00e0 diurne<\/strong><\/p>\n<p>Il 2 giugno, alle ore 11:00, il Centro di attivit\u00e0 diurne per gli anziani di Capodistria, insieme alla Biblioteca di Capodistria, organizza una conferenza con l&#8217;autrice Barbara Hanu\u0161, che quest&#8217;anno sar\u00e0 tra le letture della campagna <em>Primorci beremo<\/em>.<\/p>\n<p>Barbara Hanu\u0161, autrice di <em>Kavni krog<\/em>, vi introdurr\u00e0 a Barbara Zorman in un incontro con le signore che vivono il caff\u00e8 mattutino nella casa di riposo. Nonostante la consapevolezza che la loro vita lentamente si sta avviando al tramonto, i loro incontri sono pieni di risate e avventure divertenti.<\/p>\n<p>La dott.ssa. Barbara Hanu\u0161 \u00e8 docente di sloveno, pedagoga e bibliotecaria; ha insegnato sloveno in Bosnia-Erzegovina per nove anni. \u00c8 autrice di diversi libri di testo e libri illustrati per bambini, con il suo romanzo <em>Kavni krog<\/em> (nell\u2019elenco di Primorci beremo 2022) si rivolge agli adulti.<\/p>\n<p><strong>Jazz in ogni citt\u00e0<\/strong><\/p>\n<p>Jazz in ogni citt\u00e0, \u00e8 un progetto di Nina Novak, laureata in musica, l\u2019obiettivo di mettere al primo posto la musica jazz, nasce dal desiderio di celebrare questo importante anniversario e di divulgare la musica jazz presso un pubblico pi\u00f9 ampio. In qualit\u00e0 di critico jazz di spicco, si occupa principalmente di far conoscere al grande pubblico forme di musica pi\u00f9 impegnative.<\/p>\n<p><strong>Il 3 giugno, alle ore 19.00<\/strong>, la biblioteca di Capodistria ospiter\u00e0 i musicisti <strong>Ana \u010cop e Jako Arha <\/strong>che concordano sul fatto che la cultura, e quindi la musica e il jazz, devono incoraggiare il pensiero critico e la fusione di diversi settori dell&#8217;arte, in questo caso la musica che accompagna la poesia di Sre\u010deko Kosovel<strong>. <\/strong><\/p>\n<p><strong>L\u2019Ape in mostra<\/strong><\/p>\n<p>La Biblioteca per ragazzi della Vilhar di Capodistria vi invita a visitare la mostra <strong>L&#8217;ape<\/strong>, che abbelir\u00e0 l&#8217;atrio del dipartimento <strong>dal 20 maggio<\/strong>, Giornata mondiale delle api, fino al <strong>14 giugno<\/strong>.<\/p>\n<p>La Biblioteca di Capodistria \u00e8 consapevole dell&#8217;importanza del ruolo delle api nel mantenimento dell\u2019ecosistema e della biodiversit\u00e0 in natura, fornendo: l&#8217;impollinazione, che rende possibile la produzione di cibo. Cos\u00ec facendo, proteggono e curano gli ecosistemi e le specie animali e vegetali, contribuendo alla genetica e alla biodiversit\u00e0.<\/p>\n<p><em>&#8220;In biblioteca siamo consapevoli dell&#8217;importanza delle api ed \u00e8 per questo che desideriamo attirare l&#8217;attenzione dei piccoli e grandi visitatori della biblioteca. Abbiamo anche esposto libricini della raccolta \u010cebelica. \u010cebelica \u00e8 una storica raccolta di libri sloveni, pubblicata dal 1953 con pi\u00f9 di 400 titoli tra fiabe, storie, poesie, enigmi, originali e tradotti riccamente illustrati&#8230; Poich\u00e9 si tratta di testi brevi, \u00e8 molto adatto ai lettori in erba &#8220;,<\/em> ha affermato Tina \u0160krokov, responsabile del dipartimento per ragazzi.<\/p>\n<div class=\"fb-background-color\">\n\t\t\t  <div \n\t\t\t  \tclass = \"fb-comments\" \n\t\t\t  \tdata-href = \"https:\/\/www.kp.sik.si\/it\/2022\/05\/30\/cosa-hanno-in-comune-le-api-la-musica-la-poesia-e-i-romanzi-tutto-questo-vi-aspetta-alla-biblioteca-di-capodistria\/\"\n\t\t\t  \tdata-numposts = \"10\"\n\t\t\t  \tdata-lazy = \"true\"\n\t\t\t\tdata-colorscheme = \"light\"\n\t\t\t\tdata-order-by = \"social\"\n\t\t\t\tdata-mobile=true>\n\t\t\t  <\/div><\/div>\n\t\t  <style>\n\t\t    .fb-background-color {\n\t\t\t\tbackground:  !important;\n\t\t\t}\n\t\t\t.fb_iframe_widget_fluid_desktop iframe {\n\t\t\t    width: 100% !important;\n\t\t\t}\n\t\t  <\/style>\n\t\t  ","protected":false},"excerpt":{"rendered":"<p>La Biblioteca centrale di Sre\u010dko Vilhar di Capodistria e la Biblioteca di Ancarano salutano il mese di maggio con un evento dedicato alla poesia. Marted\u00ec 24 maggio, alle ore 18.00, [&hellip;]<\/p>\n","protected":false},"author":7,"featured_media":12418,"comment_status":"open","ping_status":"open","sticky":false,"template":"","format":"standard","meta":{"_acf_changed":false,"footnotes":""},"categories":[37],"tags":[],"class_list":["post-12563","post","type-post","status-publish","format-standard","has-post-thumbnail","hentry","category-non-categorizzato"],"acf":[],"_links":{"self":[{"href":"https:\/\/www.kp.sik.si\/it\/wp-json\/wp\/v2\/posts\/12563","targetHints":{"allow":["GET"]}}],"collection":[{"href":"https:\/\/www.kp.sik.si\/it\/wp-json\/wp\/v2\/posts"}],"about":[{"href":"https:\/\/www.kp.sik.si\/it\/wp-json\/wp\/v2\/types\/post"}],"author":[{"embeddable":true,"href":"https:\/\/www.kp.sik.si\/it\/wp-json\/wp\/v2\/users\/7"}],"replies":[{"embeddable":true,"href":"https:\/\/www.kp.sik.si\/it\/wp-json\/wp\/v2\/comments?post=12563"}],"version-history":[{"count":1,"href":"https:\/\/www.kp.sik.si\/it\/wp-json\/wp\/v2\/posts\/12563\/revisions"}],"predecessor-version":[{"id":12564,"href":"https:\/\/www.kp.sik.si\/it\/wp-json\/wp\/v2\/posts\/12563\/revisions\/12564"}],"wp:featuredmedia":[{"embeddable":true,"href":"https:\/\/www.kp.sik.si\/it\/wp-json\/wp\/v2\/media\/12418"}],"wp:attachment":[{"href":"https:\/\/www.kp.sik.si\/it\/wp-json\/wp\/v2\/media?parent=12563"}],"wp:term":[{"taxonomy":"category","embeddable":true,"href":"https:\/\/www.kp.sik.si\/it\/wp-json\/wp\/v2\/categories?post=12563"},{"taxonomy":"post_tag","embeddable":true,"href":"https:\/\/www.kp.sik.si\/it\/wp-json\/wp\/v2\/tags?post=12563"}],"curies":[{"name":"wp","href":"https:\/\/api.w.org\/{rel}","templated":true}]}}