{"id":12891,"date":"2022-06-28T13:38:11","date_gmt":"2022-06-28T11:38:11","guid":{"rendered":"https:\/\/www.kp.sik.si\/?p=12891"},"modified":"2022-07-01T09:04:30","modified_gmt":"2022-07-01T07:04:30","slug":"accade-in-biblioteca-quando-letteratura-musica-e-lastuzia-dei-bambini-si-incontrano","status":"publish","type":"post","link":"https:\/\/www.kp.sik.si\/it\/2022\/06\/28\/accade-in-biblioteca-quando-letteratura-musica-e-lastuzia-dei-bambini-si-incontrano\/","title":{"rendered":"Accade in biblioteca: quando letteratura, musica e l&#8217;astuzia dei bambini si incontrano"},"content":{"rendered":"<p><strong>A luglio, la Biblioteca centrale di Sre\u010dko Vilhar di Capodistria avr\u00e0 come ospite ospiti Suzana Todorovi\u010d e il cantastorie di Beletrina Tonet Partlji\u010d. Mentre letture per bambini, saranno l\u00ec, in spiaggia a coinvolgere i pi\u00f9 piccoli, in collaborazione con Radio Capris. La biblioteca ospiter\u00e0 anche una serie di interessanti mostre. A luglio ce ne saranno tre.<\/strong><\/p>\n<p><strong>Salutiamo un giugno culturalmente ricco\u00a0 <\/strong><\/p>\n<p>Il <strong>30 giugno, alle ore 19.00<\/strong>, una serata letterario-musicale in compagnia del poeta e produttore Ga\u0161per Torkar concluder\u00e0 i ricchi eventi culturali di giugno <strong>nella residenza di Alojz Kocjan\u010di\u010d<\/strong> a Covedo.<\/p>\n<p>Ga\u0161per \u00e8 originario di Novo mesto attualmente vive a Lubiana. Nel 2013 ha pubblicato la sua prima raccolta di poesie <em>Podalj\u0161ano bivanje<\/em> con la LUD Literatura. Fa parte della redazione di \u201cIDIOT\u201d e della compagnia teatrale \u201cDivinaMimesis\u201d, \u00e8 un artista poliedrico che lavora principalmente con il linguaggio e il suono in diversi contesti. Oltre a fare ricerche sulla musica da club, con la sua musica ha contribuito in diverse installazioni, spettacoli e opere teatrali. \u00a0Il 30 giugno, alle ore 19.00, siete invitati a una serata letterario-musicale con Ga\u0161per Torkar, organizzata dalla Comunit\u00e0 locale di Gra\u010di\u0161\u010de, dall\u2019ente pubblico per i giovani, la cultura e il turismo di Capodistria, dall\u2019Associazione culturale Skala di Covedo e dalla Biblioteca di Capodistria.<\/p>\n<p><strong>Il dialetto \u00e8 legge!<\/strong><\/p>\n<p>Il <strong>5 luglio, alle ore 19.00<\/strong>, presso la Biblioteca centrale Sre\u010dko Vilhar di Capodistria, la <strong>dott.ssa Suzana Todorovi\u0107, <\/strong>e<strong>sperta di dialetti istriani, docente di lingua e letteratura italiana, laureata in sociologia della cultura in compagnia della sua coautrice, la dott.ssa Barbara Baloh, presenter\u00e0 la monografia dedicata all\u2019accademico Goran Filippi\u00a0<\/strong><em>Kontaktna dialektologija na obmo\u010dju med Alpami in Jadranom<\/em><strong>\u00a0(N.d.T. Dialettologia di contatto nell\u2019area tra le Alpi e l\u2019Adriatico). <\/strong>L&#8217;evento si svolger\u00e0 presso il <strong>Golden Loggia Caffe.<\/strong><\/p>\n<p>Il libro \u00e8 introdotto da una prefazione dei curatori e da un elogio (<em>August Kova\u010dec: Akademik Goran Filipi i jezi\u010dna slika Istre<\/em>), accompagnato da una bibliografia di Goran Filipi redatta da Suzana Todorovi\u0107. La parte principale della monografia \u00e8 costituita da 16 capitoli redatti da 20 illustri studiosi provenienti da Slovenia, Croazia, Austria e Svizzera. Gli autori si occupano di questioni dialettologiche (sloveno, croato, dialetti romanzi): vocabolario dialettale, dialetti a contatto, intreccio interlinguistico, scrittura dialettale, storia della lingua, etimologia, sociolinguistica e storia culturale.<\/p>\n<p><strong>I cantastorie di Beletrina nuovamente in marcia<\/strong><\/p>\n<p><strong>Anche quest\u2019anno la Biblioteca di Capodistria, la Biblioteca di Ancarano e la Libreria Libris ospiteranno i trovatori di Beletrina. Tone Partlji\u010d sar\u00e0 il primo a farci visita alla Casa della Cultura di Sant\u2019Antonio il 14 luglio alle ore 19.00 per presentare il suo romanzo\u00a0<\/strong><em><strong>Ljudje z otoka<\/strong><\/em><strong>.<\/strong><\/p>\n<p>Scrive Beltrina a proposito del libro:\u00a0<em>\u201cSull\u2019Isola dei Fiori, dove l\u2019autrice arriva per le vacanze o per brevi visite da quasi 35 anni, gli abitanti sono sempre di meno e sempre pi\u00f9 anziani. Anche se, dopo tutti questi anni, non \u00e8 ancora certa di conoscere abbastanza bene il mare, l\u2019isola e i suoi abitanti, nei suoi romanzi dipinge i destini delle persone che la segneranno sempre\u201d.<\/em><\/p>\n<p><strong>Ore da favola con la biblioteca sulla spiaggia<\/strong><\/p>\n<p>Quest&#8217;anno saranno otto le biblioteche sulla spiaggia, <strong>ad aprire il 1\u00b0 luglio<\/strong>; presso la spiaggia di Capodistria, la spiaggia di Giusterna, la nuova spiaggia di Capodistria, la spiaggia centrale di Portorose (2x), la spiaggia di Valdoltra ad Ancarano, il parco archeologico della baia di San Simone e la spiaggia del Faro di Isola.<\/p>\n<p>Anche quest&#8217;anno le biblioteche hanno previsto interessanti eventi sulla spiaggia, a distinguersi per\u00f2 \u00a0\u00e8 la <strong>nuova e fresca iniziativa \u201cfiabesca\u201d<\/strong> ideata dalla Biblioteca centrale di Sre\u010dko Vilhar di Capodistria in collaborazione con Radio Capris che quest&#8217;anno visiter\u00e0 tutte le spiagge costiere e i loro affezionati baganti. I bambini <strong>saranno intrattenuti con le fiabe della stravagante strega Ap\u010diha sempre alle ore 17:00<\/strong>:<\/p>\n<ul>\n<li>Ancarano: 4, 11 e 18 luglio<\/li>\n<li>Portorose: 1 e 8 agosto<\/li>\n<li>Capodistria: 16 e 22 agosto<\/li>\n<\/ul>\n<p>Il protagonista della prima ora del racconto sar\u00e0 il <strong>Ma\u010dek Muri <\/strong>(Il Gatto Muri).<\/p>\n<p><strong>Campagna di lettura estiva &#8211; Harry Potter, il ragazzo prodigio<\/strong><\/p>\n<p>In occasione del 25\u00b0 anniversario dell\u2019uscita del primo libro di Harry Potter, la Biblioteca dei ragazzi ospiter\u00e0 una mostra dedicata a <strong>Harry Potter, ragazzo prodigio<\/strong>, visitabile <strong>dal 1\u00b0 al 14 luglio.<\/strong><\/p>\n<p>Nell&#8217;ambito della mostra, la Biblioteca di Capodistria organizza la <strong>Campagna di lettura estiva &#8211; Harry Potter, il ragazzo prodigio<\/strong>. Tutti i bambini saranno coinvolti nella soluzione di un quiz, suddiviso in tre sezioni, a seconda dell&#8217;et\u00e0 dei partecipanti. I bambini in et\u00e0 prescolare e del primo triennio della scuola elementare possono partecipare con i loro genitori al quiz <em>\u010carobni urok sre\u010de<\/em> (Magico incantesimo di felicit\u00e0). Gli alunni del secondo triennio della scuola elementare si cimenteranno nelle correlazioni e nelle creazioni con i numeri nel <em>\u010carobne \u0161tevilke preizkusili<\/em> (Quiz dei numeri magici). Gli alunni del terzo triennio si cimenteranno nel quiz <em>Vse o \u010darobnem de\u010dku<\/em> (Tutto sul ragazzo magico), in cui verranno poste domande relative ai libri di Harry Potter. La <strong>Campagna di lettura estiva <\/strong>durer\u00e0 dal 1\u00b0 luglio al 30 agosto. A settembre verranno estratti i tre fortunati vincitori che riceveranno in premio un libro.<\/p>\n<p><strong>La letteratura nella Caricatura<\/strong><\/p>\n<p>Dal <strong>4 luglio al 31 agosto<\/strong>, la Biblioteca Vilhar ospiter\u00e0 la mostra <strong>della fumettista Lorella Fermo \u2013 La letteratura nella Caricatura<\/strong>, che ancora una volta si \u00e8 occupata delle caricature degli ospiti di Pogovorov o branju (delle Conversazioni sulla lettura), organizzate dal Circolo Culturale di Capodistria. Questa volta la mostra sar\u00e0 arricchita dalle caricature di Veronika Simoniti, Maja Gal \u0160tromar, Mirana Ko\u0161uta, Kristina Ho\u010devar, Anja Mugerli, Marija \u010cuka, Barbara Korun, Neven U\u0161umovi\u0107, Edelman Jurin\u010di\u010d, Nina Medved e Drago Jan\u010dar. <strong>L&#8217;inaugurazione<\/strong> avr\u00e0 luogo <strong>il 6 luglio, alle ore 18.00, nell&#8217;atrio della biblioteca, <\/strong>alla presenza del critico d&#8217;arte Enzo Santese<\/p>\n<p>La seconda met\u00e0 di luglio vede la biblioteca dei ragazzi impegnata nella realizzazione di una terza mostra rivolta agli adolescenti, ma che sicuramente piacer\u00e0 anche alle altre generazioni. Per ora, rimane un segreto. \u00c8 possibile seguirli sul loro sito <a href=\"http:\/\/www.kp.sik.si\">www.kp.sik.si<\/a>, dove presto sveleranno di pi\u00f9.<\/p>\n<div class=\"fb-background-color\">\n\t\t\t  <div \n\t\t\t  \tclass = \"fb-comments\" \n\t\t\t  \tdata-href = \"https:\/\/www.kp.sik.si\/it\/2022\/06\/28\/accade-in-biblioteca-quando-letteratura-musica-e-lastuzia-dei-bambini-si-incontrano\/\"\n\t\t\t  \tdata-numposts = \"10\"\n\t\t\t  \tdata-lazy = \"true\"\n\t\t\t\tdata-colorscheme = \"light\"\n\t\t\t\tdata-order-by = \"social\"\n\t\t\t\tdata-mobile=true>\n\t\t\t  <\/div><\/div>\n\t\t  <style>\n\t\t    .fb-background-color {\n\t\t\t\tbackground:  !important;\n\t\t\t}\n\t\t\t.fb_iframe_widget_fluid_desktop iframe {\n\t\t\t    width: 100% !important;\n\t\t\t}\n\t\t  <\/style>\n\t\t  ","protected":false},"excerpt":{"rendered":"<p>A luglio, la Biblioteca centrale di Sre\u010dko Vilhar di Capodistria avr\u00e0 come ospite ospiti Suzana Todorovi\u010d e il cantastorie di Beletrina Tonet Partlji\u010d. Mentre letture per bambini, saranno l\u00ec, in [&hellip;]<\/p>\n","protected":false},"author":7,"featured_media":12639,"comment_status":"open","ping_status":"open","sticky":false,"template":"","format":"standard","meta":{"_acf_changed":false,"footnotes":""},"categories":[49],"tags":[],"class_list":["post-12891","post","type-post","status-publish","format-standard","has-post-thumbnail","hentry","category-informazioni-generali"],"acf":[],"_links":{"self":[{"href":"https:\/\/www.kp.sik.si\/it\/wp-json\/wp\/v2\/posts\/12891","targetHints":{"allow":["GET"]}}],"collection":[{"href":"https:\/\/www.kp.sik.si\/it\/wp-json\/wp\/v2\/posts"}],"about":[{"href":"https:\/\/www.kp.sik.si\/it\/wp-json\/wp\/v2\/types\/post"}],"author":[{"embeddable":true,"href":"https:\/\/www.kp.sik.si\/it\/wp-json\/wp\/v2\/users\/7"}],"replies":[{"embeddable":true,"href":"https:\/\/www.kp.sik.si\/it\/wp-json\/wp\/v2\/comments?post=12891"}],"version-history":[{"count":4,"href":"https:\/\/www.kp.sik.si\/it\/wp-json\/wp\/v2\/posts\/12891\/revisions"}],"predecessor-version":[{"id":12940,"href":"https:\/\/www.kp.sik.si\/it\/wp-json\/wp\/v2\/posts\/12891\/revisions\/12940"}],"wp:featuredmedia":[{"embeddable":true,"href":"https:\/\/www.kp.sik.si\/it\/wp-json\/wp\/v2\/media\/12639"}],"wp:attachment":[{"href":"https:\/\/www.kp.sik.si\/it\/wp-json\/wp\/v2\/media?parent=12891"}],"wp:term":[{"taxonomy":"category","embeddable":true,"href":"https:\/\/www.kp.sik.si\/it\/wp-json\/wp\/v2\/categories?post=12891"},{"taxonomy":"post_tag","embeddable":true,"href":"https:\/\/www.kp.sik.si\/it\/wp-json\/wp\/v2\/tags?post=12891"}],"curies":[{"name":"wp","href":"https:\/\/api.w.org\/{rel}","templated":true}]}}