{"id":13059,"date":"2022-07-22T09:10:48","date_gmt":"2022-07-22T07:10:48","guid":{"rendered":"https:\/\/www.kp.sik.si\/?p=13059"},"modified":"2022-08-11T08:55:08","modified_gmt":"2022-08-11T06:55:08","slug":"decima-sede-per-la-biblioteca-in-spiaggia-e-cosa-ci-attende-in-futuro","status":"publish","type":"post","link":"https:\/\/www.kp.sik.si\/it\/2022\/07\/22\/decima-sede-per-la-biblioteca-in-spiaggia-e-cosa-ci-attende-in-futuro\/","title":{"rendered":"Decima sede per la biblioteca in spiaggia e cosa ci attende in futuro"},"content":{"rendered":"<p><strong>La Biblioteca centrale Sre\u010dko Vilhar di Capodistria apre il mese di agosto con un&#8217;offerta interessante. <\/strong><strong>Un nuovo punto bibliotecatrio in spiaggia \u00e8 in\u00a0 fase di apertura a Bernardin (Parco Vila). La Biblioteca per Ragazzi, il 1\u00b0 agosto inaugura una mostra realizzata nell&#8217;ambito della cooperazione internazionale\u00a0 del progetto What the Future Wants \u2013 Kaj \u017eeli prihodnost? (Quello che il futuro vuole). Il mese sar\u00e0 arricchito da una serata letteraria in compagnia del trovatore di Beletrina, Goran Vojnovi\u0107.<\/strong><\/p>\n<p><strong>\u00a0<\/strong><strong>Nuova sede per la biblioteca in spiaggia <\/strong><\/p>\n<p>Nell&#8217;ambito di un partenariato pubblico-privato, verr\u00e0 aperta una nuova sede della Biblioteca sulla spiaggia, la decima, ad opera della Biblioteca centrale di Sre\u010dko Vilhar di Capodistria, in collaborazione con la societ\u00e0 Sava Turizem; sulla spiaggia di Bernardin vicino a Villa Park. La biblioteca, come tutte le altre, sar\u00e0 a disposizione di tutti i visitatori, che potranno prendere in prestito libri senza formalit\u00e0 e godere della compagnia di interessanti personaggi letterari. L&#8217;inaugurazione della nuova biblioteca sulla spiaggia avverr\u00e0 il 2 agosto, alle ore 10.00.<\/p>\n<p><img fetchpriority=\"high\" decoding=\"async\" class=\"aligncenter wp-image-13048 size-full\" src=\"https:\/\/www.kp.sik.si\/wp-content\/uploads\/2022\/07\/knjiznica-na-plazi-1.jpg\" alt=\"\" width=\"2000\" height=\"900\" srcset=\"https:\/\/www.kp.sik.si\/wp-content\/uploads\/2022\/07\/knjiznica-na-plazi-1.jpg 2000w, https:\/\/www.kp.sik.si\/wp-content\/uploads\/2022\/07\/knjiznica-na-plazi-1-300x135.jpg 300w, https:\/\/www.kp.sik.si\/wp-content\/uploads\/2022\/07\/knjiznica-na-plazi-1-1024x461.jpg 1024w, https:\/\/www.kp.sik.si\/wp-content\/uploads\/2022\/07\/knjiznica-na-plazi-1-768x346.jpg 768w, https:\/\/www.kp.sik.si\/wp-content\/uploads\/2022\/07\/knjiznica-na-plazi-1-1536x691.jpg 1536w, https:\/\/www.kp.sik.si\/wp-content\/uploads\/2022\/07\/knjiznica-na-plazi-1-830x374.jpg 830w, https:\/\/www.kp.sik.si\/wp-content\/uploads\/2022\/07\/knjiznica-na-plazi-1-940x423.jpg 940w\" sizes=\"(max-width: 2000px) 100vw, 2000px\" \/><\/p>\n<p><strong>Quello che il futuro vuole<\/strong><\/p>\n<p>What the Future Wants \u00e8 una mostra interattiva, incentrata sui giovani e che presenta diverse prospettive sulla tecnologia. In che modo la tecnologia influisce sulla nostra attenzione, sui nostri dati, sui nostri diritti, sulla nostra societ\u00e0 e nella nostra sfera privata? Questa mostra interattiva \u00e8 un&#8217;opportunit\u00e0 per i giovani di riflettere su cosa significa crescere in un mondo digitale, porre domande critiche sulla tecnologia e scoprire cosa vogliono in un futuro digitale.<\/p>\n<p>La mostra \u00e8 stata sviluppata insieme a 200 giovani dai 13 ai 18 anni. Sulla base della collaborazione con i giovani, la Biblioteca di Capodistria \u00e8 riuscita a organizzare per il prossimo anno scolastico interessanti laboratori e conferenze presso la Scuola Superiore Tecnica di Capodistria e la Scuola media di Economia e Gestione Aziendale di Capodistria. Inoltre, \u00e8 stato realizzato un interessante programma per i nuovi educatori, attirando cos\u00ec la partecipazione della Biblioteca comunale di Pirano.<\/p>\n<p><img decoding=\"async\" class=\"aligncenter wp-image-13054 size-full\" src=\"https:\/\/www.kp.sik.si\/wp-content\/uploads\/2022\/07\/WTFW-FOTO.jpg\" alt=\"\" width=\"1822\" height=\"819\" srcset=\"https:\/\/www.kp.sik.si\/wp-content\/uploads\/2022\/07\/WTFW-FOTO.jpg 1822w, https:\/\/www.kp.sik.si\/wp-content\/uploads\/2022\/07\/WTFW-FOTO-300x135.jpg 300w, https:\/\/www.kp.sik.si\/wp-content\/uploads\/2022\/07\/WTFW-FOTO-1024x460.jpg 1024w, https:\/\/www.kp.sik.si\/wp-content\/uploads\/2022\/07\/WTFW-FOTO-768x345.jpg 768w, https:\/\/www.kp.sik.si\/wp-content\/uploads\/2022\/07\/WTFW-FOTO-1536x690.jpg 1536w, https:\/\/www.kp.sik.si\/wp-content\/uploads\/2022\/07\/WTFW-FOTO-830x373.jpg 830w, https:\/\/www.kp.sik.si\/wp-content\/uploads\/2022\/07\/WTFW-FOTO-940x423.jpg 940w\" sizes=\"(max-width: 1822px) 100vw, 1822px\" \/><\/p>\n<p>La tecnologia pu\u00f2 dare un senso al nostro mondo, ma allo stesso tempo pu\u00f2 creare al suo interno livelli di confusione inimmaginabili. Il progetto What the Future Wants svela il mondo segreto che sta dietro lo schermo \u00a0e che blocca \u00a0nel mondo virtuale e ti guida attraverso i passaggi del tuo smartphone prima ancora che raggiunga le tue mani.<\/p>\n<p>La Biblioteca di Capodistria sta preparando due interessanti presentazioni sia per i giovani che per tutti coloro che sono interessati a ci\u00f2 che il mondo virtuale nasconde, che si svolgeranno l&#8217;11 agosto alle ore 10:00 e il 13 settembre alle ore 17:00. La mostra sar\u00e0 visitabile dal 1 agosto al 30 settembre c. a.<\/p>\n<p><strong>In compagnia di Goran Vojnovi\u0107<\/strong><\/p>\n<p>Alla biblioteca di Capodistria piace sempre unire le forze con la Libris, e questa volta non \u00e8 diverso, perch\u00e9 il 18 agosto, alle ore 18, ospiteranno \u00a0il cantastorie di Beletrina Goran Vojnovi\u0107. Ai visitatori di piazza Pre\u0161eren a Capodistria verr\u00e0 presentato il romanzo <em>\u0110or\u0111i\u0107 se vra\u010da<\/em>.<\/p>\n<p>Dopo il suo romanzo d&#8217;esordio, <em>\u010cefurji raus!<\/em> Goran Vojnovi\u0107 e il suo <em>Marko \u0110or\u0111i\u0107<\/em> tornano ai lettori e a Fu\u017eine. Vale a dire, nella prima parte della storia, Marko scende dal treno alla stazione ferroviaria di Visoko, in Bosnia. Le cose sono cambiate in questi dieci anni di assenza. Fu\u017eine non \u00e8 pi\u00f9 quello che era. Padre Radovan ha un tumore allo stomaco ed \u00e8 in attesa di un intervento chirurgico. Mamma Ranka si sta innervosendo e sta diventando un relitto emotivo. Il vecchio gruppo di amici \u00e8 legato solo dai ricordi dei vecchi tempi.<\/p>\n<p><img decoding=\"async\" class=\"aligncenter wp-image-13057 size-full\" src=\"https:\/\/www.kp.sik.si\/wp-content\/uploads\/2022\/07\/Vojnovic-Dordic_se_vraca-copy-e1620872854588.jpg\" alt=\"\" width=\"1200\" height=\"753\" srcset=\"https:\/\/www.kp.sik.si\/wp-content\/uploads\/2022\/07\/Vojnovic-Dordic_se_vraca-copy-e1620872854588.jpg 1200w, https:\/\/www.kp.sik.si\/wp-content\/uploads\/2022\/07\/Vojnovic-Dordic_se_vraca-copy-e1620872854588-300x188.jpg 300w, https:\/\/www.kp.sik.si\/wp-content\/uploads\/2022\/07\/Vojnovic-Dordic_se_vraca-copy-e1620872854588-1024x643.jpg 1024w, https:\/\/www.kp.sik.si\/wp-content\/uploads\/2022\/07\/Vojnovic-Dordic_se_vraca-copy-e1620872854588-768x482.jpg 768w, https:\/\/www.kp.sik.si\/wp-content\/uploads\/2022\/07\/Vojnovic-Dordic_se_vraca-copy-e1620872854588-830x521.jpg 830w, https:\/\/www.kp.sik.si\/wp-content\/uploads\/2022\/07\/Vojnovic-Dordic_se_vraca-copy-e1620872854588-940x590.jpg 940w\" sizes=\"(max-width: 1200px) 100vw, 1200px\" \/><\/p>\n<p><strong>Cambio di data<\/strong><\/p>\n<h4><strong>La Biblioteca centrale di Capodistria Sre\u010dko Vilharjo, l\u2019ente pubblico per i giovani, la cultura e il turismo di Capodistria, l\u2019Associazione culturale Skala di Kubed e la Comunit\u00e0 locale di Gra\u010di\u0161\u010de vi invitano ad un&#8217;interessante serata in compagnia di Vesna Hauschild, luned\u00ec 1\u00b0 agosto alle ore 21.00. Abbiamo dovuto posticipare la data di presentazione prevista per il 23 luglio e ci scusiamo sinceramente per gli eventuali disagi causati.<\/strong><\/h4>\n<p>Vesna \u00e8 una drammaturga, performer e scrittrice, da luglio soggiorna presso la casa di Alojz Kocjan\u010di\u010d. Qui sta preparando un&#8217;interessante esperienza serale in compagnia di storie c(o)roniche per i visitatori della serata. Ha raccolto alcuni pensieri per voi:<\/p>\n<p><em>&#8220;L&#8217;isolamento e la tranquillit\u00e0 offerti dall\u2019ambiente in cui si trova la residenza del poeta e sacerdote Aloysius Kocjan\u010di\u010d, benefattore e ribelle del suo tempo, \u00e8 stato il punto di partenza perfetto per scrivere le impressioni poetiche che ho lentamente concettualizzato durante la p(l)andemia dal 2019 al 2021. Le storie C(o)roniche raccontano di momenti in cui, sia in Slovenia che nel resto del mondo, nel contesto del turbinio provocato dalla peste moderna (il corona virus), si \u00e8 cercato in vari modi di superare i limiti del concetto personale e pubblico di libert\u00e0, quando le persone in cerca di connessioni, di un senso di vicinanza, di appartenenza, di amore, di sicurezza (finanziaria),<\/em><em>\u00a0<\/em><em>a volte hanno trovato alcuni di questi elementi. Anche se solo per un momento. Le storie C(o)roniche riguardano i momenti in cui sono state\u00a0affrontate le nostre paure, le nostre piccole gioie, i nostri desideri e le nostre volont\u00e0 (di morte).<\/em><\/p>\n<p><img loading=\"lazy\" decoding=\"async\" class=\"aligncenter wp-image-13034 size-full\" src=\"https:\/\/www.kp.sik.si\/wp-content\/uploads\/2022\/07\/vesna.jpg\" alt=\"\" width=\"1355\" height=\"1140\" srcset=\"https:\/\/www.kp.sik.si\/wp-content\/uploads\/2022\/07\/vesna.jpg 1355w, https:\/\/www.kp.sik.si\/wp-content\/uploads\/2022\/07\/vesna-300x252.jpg 300w, https:\/\/www.kp.sik.si\/wp-content\/uploads\/2022\/07\/vesna-1024x862.jpg 1024w, https:\/\/www.kp.sik.si\/wp-content\/uploads\/2022\/07\/vesna-768x646.jpg 768w, https:\/\/www.kp.sik.si\/wp-content\/uploads\/2022\/07\/vesna-830x698.jpg 830w, https:\/\/www.kp.sik.si\/wp-content\/uploads\/2022\/07\/vesna-940x791.jpg 940w\" sizes=\"(max-width: 1355px) 100vw, 1355px\" \/><\/p>\n<p><em>Nel vento e nel sole di Covedo, in compagnia di un vecchio pozzo, che per me sono stati una grande fonte di ispirazione, dal primo luglio 2022, mi concentro principalmente sulla psicologia delle relazioni intime tra i sessi, tenendo conto della storia, della tradizione, dell&#8217;indottrinamento, della spiritualit\u00e0 nell&#8217;era post-millenaria e di tutto ci\u00f2 che \u00e8 lo sviluppo della tecnologia, unito allo spirito post-capitalista e neoliberale, con tutti i suoi bonus e demoni, ha portato nei nostri mondi (virtuali e reali)<\/em><em>.&#8221;<\/em><\/p>\n<p><strong>Siete invitati Luned\u00ec I agosto 2022, alle ore 21.00, \u00a0a \u00a0Kubed\/Covedo &#8211; residenza Alojz Kocjancic.<\/strong><\/p>\n<div class=\"fb-background-color\">\n\t\t\t  <div \n\t\t\t  \tclass = \"fb-comments\" \n\t\t\t  \tdata-href = \"https:\/\/www.kp.sik.si\/it\/2022\/07\/22\/decima-sede-per-la-biblioteca-in-spiaggia-e-cosa-ci-attende-in-futuro\/\"\n\t\t\t  \tdata-numposts = \"10\"\n\t\t\t  \tdata-lazy = \"true\"\n\t\t\t\tdata-colorscheme = \"light\"\n\t\t\t\tdata-order-by = \"social\"\n\t\t\t\tdata-mobile=true>\n\t\t\t  <\/div><\/div>\n\t\t  <style>\n\t\t    .fb-background-color {\n\t\t\t\tbackground:  !important;\n\t\t\t}\n\t\t\t.fb_iframe_widget_fluid_desktop iframe {\n\t\t\t    width: 100% !important;\n\t\t\t}\n\t\t  <\/style>\n\t\t  ","protected":false},"excerpt":{"rendered":"<p>La Biblioteca centrale Sre\u010dko Vilhar di Capodistria apre il mese di agosto con un&#8217;offerta interessante. Un nuovo punto bibliotecatrio in spiaggia \u00e8 in\u00a0 fase di apertura a Bernardin (Parco Vila). [&hellip;]<\/p>\n","protected":false},"author":7,"featured_media":13054,"comment_status":"open","ping_status":"open","sticky":false,"template":"","format":"standard","meta":{"_acf_changed":false,"footnotes":""},"categories":[49],"tags":[],"class_list":["post-13059","post","type-post","status-publish","format-standard","has-post-thumbnail","hentry","category-informazioni-generali"],"acf":[],"_links":{"self":[{"href":"https:\/\/www.kp.sik.si\/it\/wp-json\/wp\/v2\/posts\/13059","targetHints":{"allow":["GET"]}}],"collection":[{"href":"https:\/\/www.kp.sik.si\/it\/wp-json\/wp\/v2\/posts"}],"about":[{"href":"https:\/\/www.kp.sik.si\/it\/wp-json\/wp\/v2\/types\/post"}],"author":[{"embeddable":true,"href":"https:\/\/www.kp.sik.si\/it\/wp-json\/wp\/v2\/users\/7"}],"replies":[{"embeddable":true,"href":"https:\/\/www.kp.sik.si\/it\/wp-json\/wp\/v2\/comments?post=13059"}],"version-history":[{"count":2,"href":"https:\/\/www.kp.sik.si\/it\/wp-json\/wp\/v2\/posts\/13059\/revisions"}],"predecessor-version":[{"id":13195,"href":"https:\/\/www.kp.sik.si\/it\/wp-json\/wp\/v2\/posts\/13059\/revisions\/13195"}],"wp:featuredmedia":[{"embeddable":true,"href":"https:\/\/www.kp.sik.si\/it\/wp-json\/wp\/v2\/media\/13054"}],"wp:attachment":[{"href":"https:\/\/www.kp.sik.si\/it\/wp-json\/wp\/v2\/media?parent=13059"}],"wp:term":[{"taxonomy":"category","embeddable":true,"href":"https:\/\/www.kp.sik.si\/it\/wp-json\/wp\/v2\/categories?post=13059"},{"taxonomy":"post_tag","embeddable":true,"href":"https:\/\/www.kp.sik.si\/it\/wp-json\/wp\/v2\/tags?post=13059"}],"curies":[{"name":"wp","href":"https:\/\/api.w.org\/{rel}","templated":true}]}}