{"id":14123,"date":"2022-11-22T09:49:40","date_gmt":"2022-11-22T08:49:40","guid":{"rendered":"https:\/\/www.kp.sik.si\/?p=14123"},"modified":"2022-11-22T09:49:40","modified_gmt":"2022-11-22T08:49:40","slug":"festa-di-dicembre-alla-biblioteca-di-capodistria","status":"publish","type":"post","link":"https:\/\/www.kp.sik.si\/it\/2022\/11\/22\/festa-di-dicembre-alla-biblioteca-di-capodistria\/","title":{"rendered":"Festa di dicembre alla Biblioteca di Capodistria"},"content":{"rendered":"<p><strong>La Biblioteca centrale Sre\u010dko Vilhar di Capodistria saluter\u00e0 il mese di novembre in una serata musicale con Aco Bi\u0161\u0107evi\u0107 ed entrer\u00e0 nel mese di dicembre con la presentazione di un libro illustrato sulla vita del poeta, scrittore e sacerdote Alojz Kocjan\u010di\u010d.\u00a0 Interessanti appuntamenti per grandi e piccini si protrarranno, poi, per tutto il periodo natalizio di dicembre.<\/strong><\/p>\n<p><img fetchpriority=\"high\" decoding=\"async\" class=\"size-medium wp-image-14110 alignright\" src=\"https:\/\/www.kp.sik.si\/wp-content\/uploads\/2022\/11\/Vabilo_23.-11.-212x300.png\" alt=\"\" width=\"212\" height=\"300\" srcset=\"https:\/\/www.kp.sik.si\/wp-content\/uploads\/2022\/11\/Vabilo_23.-11.-212x300.png 212w, https:\/\/www.kp.sik.si\/wp-content\/uploads\/2022\/11\/Vabilo_23.-11.-724x1024.png 724w, https:\/\/www.kp.sik.si\/wp-content\/uploads\/2022\/11\/Vabilo_23.-11.-768x1086.png 768w, https:\/\/www.kp.sik.si\/wp-content\/uploads\/2022\/11\/Vabilo_23.-11.-830x1174.png 830w, https:\/\/www.kp.sik.si\/wp-content\/uploads\/2022\/11\/Vabilo_23.-11..png 842w\" sizes=\"(max-width: 212px) 100vw, 212px\" \/><\/p>\n<p><strong>Quando note musicali e passi di danza si intrecciano<\/strong><\/p>\n<p>La\u00a0 Biblioteca di Capodistria e il cantante lirico e pianista Aco Bi\u0161\u0107evi\u0107 affiancato dal ballerino italiano Alberto Pagani, in collaborazione con l&#8217;Istituto per i giovani, la cultura e il turismo di Capodistria, la Comunit\u00e0 locale di Gra\u010di\u0161\u010de e l&#8217;Associazione Skala Kubed, organizzano una serata novembrina di musica e danza a Covedo\/Kubed.<\/p>\n<p>Aco Bi\u0161\u0107evi\u0107 \u00e8 un tenore e pianista sloveno. \u00c8 impegnato in performance in cui il cantante si accompagna al pianoforte. Si \u00e8 esibito su palcoscenici concertistici e teatrali di tutta Europa (Berlino, Monaco, Milano, Salisburgo, Graz, Praga, Versailles, Sarajevo, Ravenna, Innsbruck, Londra, Tromso, Bergen, Brusslex, Bressanone, Merano, Lubiana, ecc.).<\/p>\n<p>Siete cortesemente invitati ad unirvi a noi il <strong>23 novembre alle ore 18.00 nella sala di Covedo\/Kubed<\/strong>.<\/p>\n<p><img decoding=\"async\" class=\"size-medium wp-image-14107 alignleft\" src=\"https:\/\/www.kp.sik.si\/wp-content\/uploads\/2022\/11\/VABILO-10-2-212x300.png\" alt=\"\" width=\"212\" height=\"300\" srcset=\"https:\/\/www.kp.sik.si\/wp-content\/uploads\/2022\/11\/VABILO-10-2-212x300.png 212w, https:\/\/www.kp.sik.si\/wp-content\/uploads\/2022\/11\/VABILO-10-2-724x1024.png 724w, https:\/\/www.kp.sik.si\/wp-content\/uploads\/2022\/11\/VABILO-10-2-768x1086.png 768w, https:\/\/www.kp.sik.si\/wp-content\/uploads\/2022\/11\/VABILO-10-2-1086x1536.png 1086w, https:\/\/www.kp.sik.si\/wp-content\/uploads\/2022\/11\/VABILO-10-2-830x1174.png 830w, https:\/\/www.kp.sik.si\/wp-content\/uploads\/2022\/11\/VABILO-10-2-940x1330.png 940w, https:\/\/www.kp.sik.si\/wp-content\/uploads\/2022\/11\/VABILO-10-2.png 1414w\" sizes=\"(max-width: 212px) 100vw, 212px\" \/><\/p>\n<p><strong>La vita in un libro illustrato<\/strong><\/p>\n<p>Nel 60\u00b0 anniversario della pubblicazione delle poesie <em>\u0160avrinskih pesmi<\/em> di Alojz Kocjan\u010di\u010d, l&#8217;Archivio Regionale di Capodistria e la Biblioteca centrale Sre\u010dko Vilhar di \u00a0Capodistria vi invitano alla presentazione del libro illustrato sull&#8217;infanzia di Alojz Kocjan\u010di\u010d, <em>Iz naro\u010dja Istre v naro\u010dje besede<\/em>,<strong> che si terr\u00e0 gioved\u00ec 1<sup>o<\/sup> dicembre 2022, alle ore 19, nel palazzo Pretorio a Capodistria.<\/strong><\/p>\n<p>Parteciperanno: l&#8217;autrice Ines Cergol, l&#8217;illustratrice Vesna Benedeti\u010d, la curatrice Mirjana Rovis Kontestabile, la redattrice Tanja Jakomin Kocjan\u010di\u010d, i rappresentanti delle case editrici Nada \u010cibej e Ivan Markovi\u0107 e la direttrice della Libreria e Casa Editrice Libris Ingrid Celestina.<\/p>\n<p>&nbsp;<\/p>\n<p><strong>Mostra<\/strong><\/p>\n<p>Anche la Biblioteca di Capodistria si \u00e8 unita alla Fondazione IMRO ed insieme vi invitano all&#8217;inaugurazione della mostra che si terr\u00e0 il <strong>7 dicembre alle ore 18.00<\/strong>, dove l&#8217;artista Zsolt Szab\u00f3 proporr\u00e0 una selezione di fotografie\u00a0 che sarrann\u00f2 esporte <strong>nell&#8217;atrio della sede centrale<\/strong>.<\/p>\n<p>Le fotografie rappresentano la vita quotidiana a Bohicon; quella che immortala una condizione di vita che non si augura a nessuno. In collaborazione con partner internazionali, la fondazione vuole quindi realizzare\u00a0 progetti umanitari sostenibili e progetti per lo sviluppo di diverse comunit\u00e0.<\/p>\n<p><strong><em>Vseh sort star\u0161i in otroci<\/em> <\/strong>(Genitori e figli di ogni tipo)<\/p>\n<p>Gioved\u00ec 15 dicembre, alle ore 18.00, la Biblioteca centrale Sre\u010dko Vilhar di Capodistria ospiter\u00e0 la scrittrice Ma\u0161a Ogrizek che, in collaborazione con il Tr\u017ea\u0161kim knji\u017enim sredi\u0161\u010dem\/Centro Triestino del Libro, ha pubblicato il libro <em>Vseh sort star\u0161i in otroci<\/em>. Il libro, che pu\u00f2 essere letto come una raccolta di storie magiche e allo stesso tempo come un manuale per l&#8217;alfabetizzazione emotiva, \u00e8 stato illustrato da Anka Ko\u010devar. &#8220;<em>Il messaggio centrale del libro \u00e8 che i genitori &#8211; che sono sempre responsabili del loro rapporto con i figli &#8211; possono e talvolta devono cambiare il loro comportamento se con questo vanno a ferire il bambino&#8221;<\/em>, ha scritto il critico letterario dott.ssa Larisa Javernik<\/p>\n<p><img decoding=\"async\" class=\"size-medium wp-image-14113 alignright\" src=\"https:\/\/www.kp.sik.si\/wp-content\/uploads\/2022\/11\/Mama-Snezinka-205x300.jpg\" alt=\"\" width=\"205\" height=\"300\" srcset=\"https:\/\/www.kp.sik.si\/wp-content\/uploads\/2022\/11\/Mama-Snezinka-205x300.jpg 205w, https:\/\/www.kp.sik.si\/wp-content\/uploads\/2022\/11\/Mama-Snezinka-698x1024.jpg 698w, https:\/\/www.kp.sik.si\/wp-content\/uploads\/2022\/11\/Mama-Snezinka-768x1126.jpg 768w, https:\/\/www.kp.sik.si\/wp-content\/uploads\/2022\/11\/Mama-Snezinka-1048x1536.jpg 1048w, https:\/\/www.kp.sik.si\/wp-content\/uploads\/2022\/11\/Mama-Snezinka-1397x2048.jpg 1397w, https:\/\/www.kp.sik.si\/wp-content\/uploads\/2022\/11\/Mama-Snezinka-830x1217.jpg 830w, https:\/\/www.kp.sik.si\/wp-content\/uploads\/2022\/11\/Mama-Snezinka-940x1378.jpg 940w, https:\/\/www.kp.sik.si\/wp-content\/uploads\/2022\/11\/Mama-Snezinka-scaled.jpg 1746w\" sizes=\"(max-width: 205px) 100vw, 205px\" \/><\/p>\n<p><strong>Sabina Vostner ne la <em>Hi\u0161a gospoda Mar\u010dimar<\/em><\/strong> (La casa del signor Mar\u010dimar)<\/p>\n<p>In vista del Natale, invitiamo tutti i bambini a unirsi a noi per la presentazione della fiaba <em>Hi\u0161a gospoda Mar\u010dimar<\/em> (La casa del signor Marcimar), il <strong>22 dicembre alle ore 17.00<\/strong> alla Biblioteca dei ragazzi, dove insieme aspetteremo \u00a0anche Babbo Natale.<\/p>\n<p>La fiaba del signor Mar\u010dimar racconta della sua casa da sogno fatta con un tetto di carta colorata, nella quale con altri inquilini, alla sera si raccontano delle favole. Queste sono ambientate in un ciclo di stagioni che si susseguono per tutta la durata della storia, e ogni fiaba riflette una delle stagioni con tutte le sue caratteristiche, cos\u00ec come le storie di vita di ogni individuo e i colori del tetto variopinto.<\/p>\n<p>La fiaba illustrata da Julija Kuznetsova ci sar\u00e0 presentata dall&#8217;autrice Sabina Vostner.<\/p>\n<p>&nbsp;<\/p>\n<div class=\"fb-background-color\">\n\t\t\t  <div \n\t\t\t  \tclass = \"fb-comments\" \n\t\t\t  \tdata-href = \"https:\/\/www.kp.sik.si\/it\/2022\/11\/22\/festa-di-dicembre-alla-biblioteca-di-capodistria\/\"\n\t\t\t  \tdata-numposts = \"10\"\n\t\t\t  \tdata-lazy = \"true\"\n\t\t\t\tdata-colorscheme = \"light\"\n\t\t\t\tdata-order-by = \"social\"\n\t\t\t\tdata-mobile=true>\n\t\t\t  <\/div><\/div>\n\t\t  <style>\n\t\t    .fb-background-color {\n\t\t\t\tbackground:  !important;\n\t\t\t}\n\t\t\t.fb_iframe_widget_fluid_desktop iframe {\n\t\t\t    width: 100% !important;\n\t\t\t}\n\t\t  <\/style>\n\t\t  ","protected":false},"excerpt":{"rendered":"<p>La Biblioteca centrale Sre\u010dko Vilhar di Capodistria saluter\u00e0 il mese di novembre in una serata musicale con Aco Bi\u0161\u0107evi\u0107 ed entrer\u00e0 nel mese di dicembre con la presentazione di un [&hellip;]<\/p>\n","protected":false},"author":7,"featured_media":14116,"comment_status":"open","ping_status":"open","sticky":false,"template":"","format":"standard","meta":{"_acf_changed":false,"footnotes":""},"categories":[49],"tags":[],"class_list":["post-14123","post","type-post","status-publish","format-standard","has-post-thumbnail","hentry","category-informazioni-generali"],"acf":[],"_links":{"self":[{"href":"https:\/\/www.kp.sik.si\/it\/wp-json\/wp\/v2\/posts\/14123","targetHints":{"allow":["GET"]}}],"collection":[{"href":"https:\/\/www.kp.sik.si\/it\/wp-json\/wp\/v2\/posts"}],"about":[{"href":"https:\/\/www.kp.sik.si\/it\/wp-json\/wp\/v2\/types\/post"}],"author":[{"embeddable":true,"href":"https:\/\/www.kp.sik.si\/it\/wp-json\/wp\/v2\/users\/7"}],"replies":[{"embeddable":true,"href":"https:\/\/www.kp.sik.si\/it\/wp-json\/wp\/v2\/comments?post=14123"}],"version-history":[{"count":1,"href":"https:\/\/www.kp.sik.si\/it\/wp-json\/wp\/v2\/posts\/14123\/revisions"}],"predecessor-version":[{"id":14124,"href":"https:\/\/www.kp.sik.si\/it\/wp-json\/wp\/v2\/posts\/14123\/revisions\/14124"}],"wp:featuredmedia":[{"embeddable":true,"href":"https:\/\/www.kp.sik.si\/it\/wp-json\/wp\/v2\/media\/14116"}],"wp:attachment":[{"href":"https:\/\/www.kp.sik.si\/it\/wp-json\/wp\/v2\/media?parent=14123"}],"wp:term":[{"taxonomy":"category","embeddable":true,"href":"https:\/\/www.kp.sik.si\/it\/wp-json\/wp\/v2\/categories?post=14123"},{"taxonomy":"post_tag","embeddable":true,"href":"https:\/\/www.kp.sik.si\/it\/wp-json\/wp\/v2\/tags?post=14123"}],"curies":[{"name":"wp","href":"https:\/\/api.w.org\/{rel}","templated":true}]}}