{"id":14533,"date":"2023-01-10T12:09:20","date_gmt":"2023-01-10T11:09:20","guid":{"rendered":"https:\/\/www.kp.sik.si\/?p=14533"},"modified":"2023-01-10T12:09:20","modified_gmt":"2023-01-10T11:09:20","slug":"quando-poesia-musica-e-creativita-intermediale-si-intrecciano-si-apre-il-mondo-degli-eventi-di-gennaio","status":"publish","type":"post","link":"https:\/\/www.kp.sik.si\/it\/2023\/01\/10\/quando-poesia-musica-e-creativita-intermediale-si-intrecciano-si-apre-il-mondo-degli-eventi-di-gennaio\/","title":{"rendered":"Quando poesia, musica e creativit\u00e0 intermediale si intrecciano, si apre il mondo degli eventi di gennaio"},"content":{"rendered":"<p><strong>La Biblioteca centrale Sre\u010dko Vilhar di Capodistria \u00e8 entrata nel 2023 con pieno slancio. Ad attenderci, a gennaio, tre eventi, di grande spessore culturale, che vedranno la partecipazione di interessanti artisti attivi nel campo della letteratura, della musica e della creativit\u00e0 intermediale.<\/strong><\/p>\n<p><strong>\u00a0<\/strong><strong>Kub-2: ve\u010der avtorjev umetni\u0161ke rezidence v Kubedu 2022 <\/strong><em>(Kub-2: Serata d&#8217;autore alla residenza degli artisti\u00a0 Kubed 2022) <\/em><\/p>\n<p>Il 19 gennaio, alle ore 19.00, nella Sala San Francesco d&#8217;Assisi, la Biblioteca di Capodistria, in collaborazione con l&#8217;Istituto per la giovent\u00f9, la cultura e il turismo, la Comunit\u00e0 locale di Gra\u010di\u0161\u010de e l&#8217;Associazione Skala Kubed, organizza una serata in compagnia degli artisti che da un anno lavorano nella casa di Alojz Kocjan\u010di\u010d. L&#8217;evento \u00e8 denominato <strong>Kub-2: ve\u010der avtorjev umetni\u0161ke rezidence v Kubedu 2022 <\/strong><em>(Kub-2: Serata d&#8217;autore alla residenza degli artisti\u00a0 Kubed 2022).<\/em><\/p>\n<p>Sar\u00e0 possibile ascoltare la musica e le poesie degli artisti:<\/p>\n<p>&#8211; Katja \u0160ulc,<\/p>\n<p>&#8211; Simona Semeni\u010d,<\/p>\n<p>&#8211; Ana Svetel,<\/p>\n<p>&#8211; Nina Novak Oiseau,<\/p>\n<p>&#8211; Teja Mo\u010dnik Vogelnik,<\/p>\n<p>&#8211; Tom Veber,<\/p>\n<p>&#8211; Maru\u0161a Mugerli Lavren\u010di\u010d &#8230;<\/p>\n<p><img fetchpriority=\"high\" decoding=\"async\" class=\"aligncenter wp-image-14530 size-full\" src=\"https:\/\/www.kp.sik.si\/wp-content\/uploads\/2023\/01\/kub-2.jpg\" alt=\"\" width=\"1920\" height=\"1080\" srcset=\"https:\/\/www.kp.sik.si\/wp-content\/uploads\/2023\/01\/kub-2.jpg 1920w, https:\/\/www.kp.sik.si\/wp-content\/uploads\/2023\/01\/kub-2-300x169.jpg 300w, https:\/\/www.kp.sik.si\/wp-content\/uploads\/2023\/01\/kub-2-1024x576.jpg 1024w, https:\/\/www.kp.sik.si\/wp-content\/uploads\/2023\/01\/kub-2-768x432.jpg 768w, https:\/\/www.kp.sik.si\/wp-content\/uploads\/2023\/01\/kub-2-1536x864.jpg 1536w, https:\/\/www.kp.sik.si\/wp-content\/uploads\/2023\/01\/kub-2-830x467.jpg 830w, https:\/\/www.kp.sik.si\/wp-content\/uploads\/2023\/01\/kub-2-940x529.jpg 940w\" sizes=\"(max-width: 1920px) 100vw, 1920px\" \/><\/p>\n<p>L&#8217;evento sar\u00e0 moderato da Tina Sara\u017ein della Biblioteca centrale Sre\u010dko Vilhar di Capodistria e la serata sar\u00e0 arricchita dall&#8217;esibizione del gruppo <em>\u0160avrini anka \u0160avrinka<\/em> di Gra\u010di\u0161\u010de.<\/p>\n<p><strong>\u00a0<\/strong><strong>Ospite il vincitore del premio Ur\u0161ka 2021 <\/strong><\/p>\n<p>Il <strong>24 gennaio<\/strong>, alle <strong>ore 19.00<\/strong> <strong>nell&#8217;atrio della Biblioteca<\/strong> di Capodistria, <strong>Alex Kama Devetak<\/strong>, vincitore del premio Ur\u0161ka per l\u2019anno 2021, presenter\u00e0 il suo romanzo d&#8217;esordio, si tratta di una raccolta di racconti intitolata <strong><em>Nedale\u010d<\/em><\/strong> (<em>Non lontano<\/em>). La raccolta \u00e8 stata pubblicata con Fondi pubblici della Repubblica di Slovenia per le attivit\u00e0 culturali (JSKD), la quale ha dichiarato:<\/p>\n<p>\u201cSi tratta di circa 15 racconti che possono essere letti anche come un romanzo. I personaggi delle storie si intrecciano, si completano e si respingono. Una comunit\u00e0 di individui in un luogo non ben definito, per lo pi\u00f9 segnato dalle vicine scogliere. Un luogo di ritrovo, di fuga, di incontri e di morte. La narrazione avviene in terza persona, per\u00f2, non sempre. Nei racconti, l&#8217;autore affronta le relazioni, la vita ai margini e al limite, la coesistenza con il mare, con la vasta baia, la comunit\u00e0 e gli individui, i giovani, i coetanei e i legami intergenerazionali&#8230; argomenti che toccano ognuno di noi.\u201d<\/p>\n<p><strong>Prima residente a Kubed nel 2023<\/strong><\/p>\n<p>Dopo la proficua collaborazione dello scorso anno, la Biblioteca Centrale di Sre\u010deko Vilhar di Capodistria, quest&#8217;anno, nuovamente, con l&#8217;Istituto per la cultura giovanile e il turismo, la Comunit\u00e0 locale di Gra\u010di\u0161\u010de e la Societ\u00e0 Skala Kubed, si impegner\u00e0 nell\u2019organizzare dodici interessanti serate in compagnia dei residenti che creeranno nella casa di Alojz Kocjan\u010di\u010d a Kubed.<\/p>\n<p>Il primo residente sar\u00e0 presentato nella <strong>sala della Residenza a Kubed il 26 gennaio, alle ore 19.00<\/strong>. Ad accogliere i visitatori, saranno i suoni dell\u2019artista intermedia e filosofa Petra Kap\u0161. L\u2019affascinante lavoro di ricerca andr\u00e0 ad approfondire i suoni di Kubed e dei suoi dintorni, delle Orecchie dell&#8217;Istria e del ciglione carsico. Petra Kap\u0161 \u00e8 una delle artiste che cerca l&#8217;incomprensibile, l&#8217;intangibile tra l&#8217;uomo e la natura e lo rende cos\u00ec interessante da provocare reazioni emotive in ognuno degli astanti. Si preannuncia una serata speciale e suggestiva.<\/p>\n<div class=\"fb-background-color\">\n\t\t\t  <div \n\t\t\t  \tclass = \"fb-comments\" \n\t\t\t  \tdata-href = \"https:\/\/www.kp.sik.si\/it\/2023\/01\/10\/quando-poesia-musica-e-creativita-intermediale-si-intrecciano-si-apre-il-mondo-degli-eventi-di-gennaio\/\"\n\t\t\t  \tdata-numposts = \"10\"\n\t\t\t  \tdata-lazy = \"true\"\n\t\t\t\tdata-colorscheme = \"light\"\n\t\t\t\tdata-order-by = \"social\"\n\t\t\t\tdata-mobile=true>\n\t\t\t  <\/div><\/div>\n\t\t  <style>\n\t\t    .fb-background-color {\n\t\t\t\tbackground:  !important;\n\t\t\t}\n\t\t\t.fb_iframe_widget_fluid_desktop iframe {\n\t\t\t    width: 100% !important;\n\t\t\t}\n\t\t  <\/style>\n\t\t  ","protected":false},"excerpt":{"rendered":"<p>La Biblioteca centrale Sre\u010dko Vilhar di Capodistria \u00e8 entrata nel 2023 con pieno slancio. Ad attenderci, a gennaio, tre eventi, di grande spessore culturale, che vedranno la partecipazione di interessanti [&hellip;]<\/p>\n","protected":false},"author":7,"featured_media":10273,"comment_status":"open","ping_status":"open","sticky":false,"template":"","format":"standard","meta":{"_acf_changed":false,"footnotes":""},"categories":[37],"tags":[],"class_list":["post-14533","post","type-post","status-publish","format-standard","has-post-thumbnail","hentry","category-non-categorizzato"],"acf":[],"_links":{"self":[{"href":"https:\/\/www.kp.sik.si\/it\/wp-json\/wp\/v2\/posts\/14533","targetHints":{"allow":["GET"]}}],"collection":[{"href":"https:\/\/www.kp.sik.si\/it\/wp-json\/wp\/v2\/posts"}],"about":[{"href":"https:\/\/www.kp.sik.si\/it\/wp-json\/wp\/v2\/types\/post"}],"author":[{"embeddable":true,"href":"https:\/\/www.kp.sik.si\/it\/wp-json\/wp\/v2\/users\/7"}],"replies":[{"embeddable":true,"href":"https:\/\/www.kp.sik.si\/it\/wp-json\/wp\/v2\/comments?post=14533"}],"version-history":[{"count":1,"href":"https:\/\/www.kp.sik.si\/it\/wp-json\/wp\/v2\/posts\/14533\/revisions"}],"predecessor-version":[{"id":14534,"href":"https:\/\/www.kp.sik.si\/it\/wp-json\/wp\/v2\/posts\/14533\/revisions\/14534"}],"wp:featuredmedia":[{"embeddable":true,"href":"https:\/\/www.kp.sik.si\/it\/wp-json\/wp\/v2\/media\/10273"}],"wp:attachment":[{"href":"https:\/\/www.kp.sik.si\/it\/wp-json\/wp\/v2\/media?parent=14533"}],"wp:term":[{"taxonomy":"category","embeddable":true,"href":"https:\/\/www.kp.sik.si\/it\/wp-json\/wp\/v2\/categories?post=14533"},{"taxonomy":"post_tag","embeddable":true,"href":"https:\/\/www.kp.sik.si\/it\/wp-json\/wp\/v2\/tags?post=14533"}],"curies":[{"name":"wp","href":"https:\/\/api.w.org\/{rel}","templated":true}]}}