{"id":15091,"date":"2023-02-22T12:22:40","date_gmt":"2023-02-22T11:22:40","guid":{"rendered":"https:\/\/www.kp.sik.si\/?p=15091"},"modified":"2023-02-22T13:22:04","modified_gmt":"2023-02-22T12:22:04","slug":"il-mese-di-marzo-alla-biblioteca-di-capodistria-divertimento-in-compagnia-degli-eroi-del-fumetto-e-dei-manga-e-seriamente-folli-per-la-poesia","status":"publish","type":"post","link":"https:\/\/www.kp.sik.si\/it\/2023\/02\/22\/il-mese-di-marzo-alla-biblioteca-di-capodistria-divertimento-in-compagnia-degli-eroi-del-fumetto-e-dei-manga-e-seriamente-folli-per-la-poesia\/","title":{"rendered":"IL MESE DI MARZO ALLA BIBLIOTECA DI CAPODISTRIA: Divertimento in compagnia degli eroi del fumetto e dei manga e seriamente folli per la poesia"},"content":{"rendered":"<p><strong>La Biblioteca centrale Sre\u010dko Vilhar di Capodistria saluter\u00e0 il mese di febbraio con la presentazione delle opere d&#8217;arte del pittore Navid Fadaee Nazer per entrare nel mese di marzo con letture divertenti, in compagnia dei fumetti, dei manga e della poesia.<\/strong><\/p>\n<p><strong>Presentazione delle opere d&#8217;arte del pittore Navid Fadee Nazer<\/strong><\/p>\n<p>Navid Fadaee Nazer\u00a0<strong>lavora alla mostra\u00a0<em>Krik pod oceanom<\/em><\/strong><em>\u00a0 (n.d.t. Urlo dall\u2019Oceano)<\/em>\u00a0nel 2020 e nel 2021. L\u2019artista vive da diversi anni a Maribor e i suoi dipinti <strong>raccontano la sorte e la situazione delle donne in Iran e in altri Paesi musulmani<\/strong>, le leggi che vietano alle donne di cantare in spazi pubblici, di partecipare a eventi sportivi, l\u2019obbligo di indossare lo hijab e la pena loro inflitta tramite lapidazione.<\/p>\n<p><img fetchpriority=\"high\" decoding=\"async\" class=\"aligncenter wp-image-15050 size-full\" src=\"https:\/\/www.kp.sik.si\/wp-content\/uploads\/2023\/02\/nazeer.jpg\" alt=\"\" width=\"1422\" height=\"640\" srcset=\"https:\/\/www.kp.sik.si\/wp-content\/uploads\/2023\/02\/nazeer.jpg 1422w, https:\/\/www.kp.sik.si\/wp-content\/uploads\/2023\/02\/nazeer-300x135.jpg 300w, https:\/\/www.kp.sik.si\/wp-content\/uploads\/2023\/02\/nazeer-1024x461.jpg 1024w, https:\/\/www.kp.sik.si\/wp-content\/uploads\/2023\/02\/nazeer-768x346.jpg 768w, https:\/\/www.kp.sik.si\/wp-content\/uploads\/2023\/02\/nazeer-830x374.jpg 830w, https:\/\/www.kp.sik.si\/wp-content\/uploads\/2023\/02\/nazeer-940x423.jpg 940w\" sizes=\"(max-width: 1422px) 100vw, 1422px\" \/><\/p>\n<p>La mostra sar\u00e0 visitabile dal 9, mentre l\u2019artista presenter\u00e0 in\u00a0<strong>dettaglio le sue opere il 28 febbraio alle ore 18:00<\/strong>\u00a0nell\u2019atrio della Biblioteca di Capodistria.<\/p>\n<p><a href=\"https:\/\/www.kp.sik.si\/it\/2023\/02\/10\/marzo-mese-di-letture-per-la-gioia-e-il-divertimento\/2-3-2\/\"><img decoding=\"async\" class=\"alignleft wp-image-14973 size-medium\" src=\"https:\/\/www.kp.sik.si\/wp-content\/uploads\/2023\/02\/2-212x300.png\" alt=\"\" width=\"212\" height=\"300\" srcset=\"https:\/\/www.kp.sik.si\/wp-content\/uploads\/2023\/02\/2-212x300.png 212w, https:\/\/www.kp.sik.si\/wp-content\/uploads\/2023\/02\/2-724x1024.png 724w, https:\/\/www.kp.sik.si\/wp-content\/uploads\/2023\/02\/2-768x1086.png 768w, https:\/\/www.kp.sik.si\/wp-content\/uploads\/2023\/02\/2-1086x1536.png 1086w, https:\/\/www.kp.sik.si\/wp-content\/uploads\/2023\/02\/2-1449x2048.png 1449w, https:\/\/www.kp.sik.si\/wp-content\/uploads\/2023\/02\/2-830x1173.png 830w, https:\/\/www.kp.sik.si\/wp-content\/uploads\/2023\/02\/2-940x1329.png 940w, https:\/\/www.kp.sik.si\/wp-content\/uploads\/2023\/02\/2.png 1890w\" sizes=\"(max-width: 212px) 100vw, 212px\" \/><\/a><\/p>\n<p><strong>Marzo: il mese della lettura per la gioia e il divertimento<\/strong><\/p>\n<p><strong>La lettura, per il vostro bambino \u00e8 una pratica sgradevole? Il vostro bambino ha difficolt\u00e0 ad apprendere? Pensi di essere difronte alla dislessia? Non sai come far apprendere al bambino l\u2019abitudine\u00a0alla lettura? A marzo <\/strong>Aksinja Kermauner e Ina Suli\u010d daranno risposte e consigli alla<strong> Sala di Lettura Fulvio Tomizza.<\/strong><\/p>\n<p><strong>1<sup>o <\/sup>e 15 marzo alle ore 17.00 <\/strong><strong>&#8211; Aksinja Kermauner<\/strong><\/p>\n<p>Nel 1982 si \u00e8 laureata presso la Facolt\u00e0 di Pedagogia e nel 2010 ha completato i suoi studi di dottorato presso la Facolt\u00e0 di Pedagogia di Lubiana, Dipartimento di Pedagogia Speciale e Riabilitativa. \u00c8 stata professoressa di lingua slovena e ha tenuto corsi d\u2019arte presso l\u2019Istituto per ciechi e ipovedenti di Lubiana, e dal 2011 insegna presso la Facolt\u00e0 di Scienze della Formazione di Capodistria, dove ha tenuto il corso di Pedagogia inclusiva. \u00c8 anche conosciuta come scrittrice.<\/p>\n<p><strong>8 e 22 marzo alle ore 17.00 <\/strong><strong>\u2013 Ina Suli\u010d<\/strong><\/p>\n<p>Ina Suli\u010d \u00e8 insegnante presso la scuola primaria italiana Pier Paolo Vergerio il Vecchio. Ha conseguito un master in pedagogia inclusiva e apprendimento precoce presso la Facolt\u00e0 di Scienze della Formazione dell\u2019Universit\u00e0 del Litorale. \u00c8 attivamente coinvolta con bambini che hanno difficolt\u00e0 di lettura e con bisogni speciali. Negli ultimi anni, oltre all\u2019insegnamento, ha incentrato il suo lavoro sulla produzione di strumenti didattici adattati per i non vedenti e gli ipovedenti, nonch\u00e9 sulla pubblicazione di libri illustrati tattili.<\/p>\n<p><strong>La mostra Arti Reika: lasciati trasportare nel mondo dei manga e dei fumetti<\/strong><\/p>\n<p>Erika Gregori\u010d, che lavora sotto il nome d&#8217;arte Arti Reika, \u00e8 invece impiegata presso la Biblioteca Civica di Isola. Si \u00e8 laureata con lode presso il Dipartimento di Italianistica della Facolt\u00e0 di Lettere e Filosofia di Capodistria e la sua tesi di master ha ottenuto il Premio Kosovel dell&#8217;Universit\u00e0 del Litorale per i risultati sul tema della letteratura fantastica. Questo elemento si riflette anche nel suo disegno in stile manga giapponese. Oltre a disegnare, le piace anche scrivere. \u00c8 autrice di articoli sulla letteratura fantastica, pubblicati nella sezione World of Fantasy Novel del Web. Nel 2016-2017, abbiamo letto suoi lavori pubblicati sulla rivista online CMK Magazin del Centro giovanile di Capodistria, che contestualizzano la satira su Janezek. I pi\u00f9 piccoli possono prendere in prestito nelle biblioteche la fiaba illustrata, <em>Za\u010darani gozd<\/em>, di Ksenjie Bratu\u0161 Albreht. Dal 2014 ha preparato molte mostre personali e partecipato a diverse mostre collettive. Nel 2020, ha creato la nicchia artistica Arti Reika, scegliendo il colore viola e motivi di farfalle, e l&#8217;omonima eroina dai capelli blu che l&#8217;accompagna alle convention.<\/p>\n<p>Alla mostra, chiamata &#8220;<strong>To je Arti Reika<\/strong>&#8220;, sarai accolto da illustrazioni e prodotti realizzati negli ultimi anni, oltre a foto del dietro le quinte della lavorazione, della partecipazione a fiere e convegni degli ultimi anni. I soggetti dipinti sono per lo pi\u00f9 fantasy e la maggior parte di essi hanno in comune il fatto di essere stati ispirati da versi e musiche che l&#8217;autrice ascolta mentre disegna. Tra i soggetti compaiono amici, coppie, anime giapponesi (cartoni animati giapponesi) che, come dice Erika, sono il motivo per cui ha iniziato a disegnare.<\/p>\n<p><strong>Jazz tra i libri<\/strong><\/p>\n<p>Una biblioteca \u00e8 un luogo attraverso il quale le persone portano esperienze e sentimenti diversi. Socializzare rappresenta il contatto di tutta l&#8217;energia che le persone portano e levano. Il tempo si ferma l\u00ec. In biblioteca, si trascorrono diverse ore e gli individui sono abituati a un monitoraggio serrato, ed \u00e8 proprio questo che manca in un mondo avvelenato da esperienze repentine. Tenere un concerto tra i libri, dove la gente sa ascoltare e dove come musicista ottieni il riscontro che meriti, \u00e8 qualcosa di indescrivibile.<\/p>\n<p>Il <strong>jazz tra i libri<\/strong> \u00e8 qualcosa di innovativo sulla scena culturale ed \u00e8 interessante sia per i giovani, sia per gli adulti\u00a0 interessati alla lettura e alla cultura musicale. Insieme ci lasceremo andare ai ritmi del jazz <strong>al Dipartimento per adulti il 29 marzo, alle ore 17:00.<\/strong><\/p>\n<p><strong>L&#8217;evento \u201cBlazno resno o poeziji\u201d<\/strong><\/p>\n<p>La Biblioteca di Capodistria, in collaborazione con l&#8217;Istituto per la giovent\u00f9, la cultura e il turismo, sta preparando un&#8217;interessante serata al <strong>Caff\u00e8 della Loggia, il 20 marzo alle ore 18:00 in<\/strong> <strong>compagnia del presentatore, cabarettista e attore \u017dan Papi\u010d e del musicista del Litorale Vasje Klun<\/strong>. \u017dan presenter\u00e0 la sua raccolta di poesie <em>Steklena glava<\/em>, che \u00e8 stata pubblicata come parte dell&#8217;Associazione KONStruktivist, e Vasja Klun presenter\u00e0 la sua raccolta di poesie Poezija Vol. 2 (2016 -2021), che \u00e8 un\u2019autoedizione.<\/p>\n<p>Con l&#8217;evento, che hanno chiamato <strong>Blazno resno o poeziji<\/strong>, celebreranno la Giornata Mondiale della Poesia, che si celebra il 21 marzo.<\/p>\n<p><strong><a href=\"https:\/\/www.kp.sik.si\/it\/2023\/02\/22\/il-mese-di-marzo-alla-biblioteca-di-capodistria-divertimento-in-compagnia-degli-eroi-del-fumetto-e-dei-manga-e-seriamente-folli-per-la-poesia\/plakat_koper_2022_2023-2\/\"><img decoding=\"async\" class=\"alignright wp-image-15056 size-medium\" src=\"https:\/\/www.kp.sik.si\/wp-content\/uploads\/2023\/02\/PLAKAT_KOPER_2022_2023-214x300.jpg\" alt=\"\" width=\"214\" height=\"300\" srcset=\"https:\/\/www.kp.sik.si\/wp-content\/uploads\/2023\/02\/PLAKAT_KOPER_2022_2023-214x300.jpg 214w, https:\/\/www.kp.sik.si\/wp-content\/uploads\/2023\/02\/PLAKAT_KOPER_2022_2023-729x1024.jpg 729w, https:\/\/www.kp.sik.si\/wp-content\/uploads\/2023\/02\/PLAKAT_KOPER_2022_2023-768x1079.jpg 768w, https:\/\/www.kp.sik.si\/wp-content\/uploads\/2023\/02\/PLAKAT_KOPER_2022_2023-830x1166.jpg 830w, https:\/\/www.kp.sik.si\/wp-content\/uploads\/2023\/02\/PLAKAT_KOPER_2022_2023.jpg 860w\" sizes=\"(max-width: 214px) 100vw, 214px\" \/><\/a>Una serata della favola per adulti<\/strong><\/p>\n<p>In collaborazione con la Biblioteca di Maribor, la Biblioteca di Capodistria sta preparando una serata fiabesca per adulti. Puoi ascoltare le fiabe per adulti il \u200b\u200b30 marzo al Caff\u00e8 Loggia d&#8217;Oro alle 19:00. I relatori saranno Tina Podgornik della biblioteca di Gorizia France Bevk, Lea Hedl e Sabina Kotnik della biblioteca di Maribor e Jure Bohinec della biblioteca comunale di Kranj.<\/p>\n<p>Le fiabe sono importanti anche per gli adulti, a tutti noi piace ascoltarle, perch\u00e9 ci toccano sempre, ci danno una lezione o semplicemente ci divertono. Ci rivelano anche le storie di vita dei narratori che le raccontano e ci ricordano il bambino che vive in noi<\/p>\n<p>&nbsp;<\/p>\n<div class=\"fb-background-color\">\n\t\t\t  <div \n\t\t\t  \tclass = \"fb-comments\" \n\t\t\t  \tdata-href = \"https:\/\/www.kp.sik.si\/it\/2023\/02\/22\/il-mese-di-marzo-alla-biblioteca-di-capodistria-divertimento-in-compagnia-degli-eroi-del-fumetto-e-dei-manga-e-seriamente-folli-per-la-poesia\/\"\n\t\t\t  \tdata-numposts = \"10\"\n\t\t\t  \tdata-lazy = \"true\"\n\t\t\t\tdata-colorscheme = \"light\"\n\t\t\t\tdata-order-by = \"social\"\n\t\t\t\tdata-mobile=true>\n\t\t\t  <\/div><\/div>\n\t\t  <style>\n\t\t    .fb-background-color {\n\t\t\t\tbackground:  !important;\n\t\t\t}\n\t\t\t.fb_iframe_widget_fluid_desktop iframe {\n\t\t\t    width: 100% !important;\n\t\t\t}\n\t\t  <\/style>\n\t\t  ","protected":false},"excerpt":{"rendered":"<p>La Biblioteca centrale Sre\u010dko Vilhar di Capodistria saluter\u00e0 il mese di febbraio con la presentazione delle opere d&#8217;arte del pittore Navid Fadaee Nazer per entrare nel mese di marzo con [&hellip;]<\/p>\n","protected":false},"author":7,"featured_media":15065,"comment_status":"open","ping_status":"open","sticky":false,"template":"","format":"standard","meta":{"_acf_changed":false,"footnotes":""},"categories":[49],"tags":[],"class_list":["post-15091","post","type-post","status-publish","format-standard","has-post-thumbnail","hentry","category-informazioni-generali"],"acf":[],"_links":{"self":[{"href":"https:\/\/www.kp.sik.si\/it\/wp-json\/wp\/v2\/posts\/15091","targetHints":{"allow":["GET"]}}],"collection":[{"href":"https:\/\/www.kp.sik.si\/it\/wp-json\/wp\/v2\/posts"}],"about":[{"href":"https:\/\/www.kp.sik.si\/it\/wp-json\/wp\/v2\/types\/post"}],"author":[{"embeddable":true,"href":"https:\/\/www.kp.sik.si\/it\/wp-json\/wp\/v2\/users\/7"}],"replies":[{"embeddable":true,"href":"https:\/\/www.kp.sik.si\/it\/wp-json\/wp\/v2\/comments?post=15091"}],"version-history":[{"count":5,"href":"https:\/\/www.kp.sik.si\/it\/wp-json\/wp\/v2\/posts\/15091\/revisions"}],"predecessor-version":[{"id":15096,"href":"https:\/\/www.kp.sik.si\/it\/wp-json\/wp\/v2\/posts\/15091\/revisions\/15096"}],"wp:featuredmedia":[{"embeddable":true,"href":"https:\/\/www.kp.sik.si\/it\/wp-json\/wp\/v2\/media\/15065"}],"wp:attachment":[{"href":"https:\/\/www.kp.sik.si\/it\/wp-json\/wp\/v2\/media?parent=15091"}],"wp:term":[{"taxonomy":"category","embeddable":true,"href":"https:\/\/www.kp.sik.si\/it\/wp-json\/wp\/v2\/categories?post=15091"},{"taxonomy":"post_tag","embeddable":true,"href":"https:\/\/www.kp.sik.si\/it\/wp-json\/wp\/v2\/tags?post=15091"}],"curies":[{"name":"wp","href":"https:\/\/api.w.org\/{rel}","templated":true}]}}