{"id":15339,"date":"2023-03-22T11:14:34","date_gmt":"2023-03-22T10:14:34","guid":{"rendered":"https:\/\/www.kp.sik.si\/?p=15339"},"modified":"2023-03-22T11:14:34","modified_gmt":"2023-03-22T10:14:34","slug":"primavera-allinsegna-di-celati-legami-tra-letteratura-cinema-e-musica","status":"publish","type":"post","link":"https:\/\/www.kp.sik.si\/it\/2023\/03\/22\/primavera-allinsegna-di-celati-legami-tra-letteratura-cinema-e-musica\/","title":{"rendered":"Primavera all&#8217;insegna di celati legami tra letteratura, cinema e musica"},"content":{"rendered":"<p><strong>Le biblioteche di Capodistria e Ancarano stanno preparando una settimana in compagnia di interessanti autori e creatori. In quest&#8217;occasione la letteratura sar\u00e0 connessa al cinema e alla musica. Gli eventi saranno realizzati tra il 27 e il 31 marzo. Ci sar\u00e0 sicuramente qualcosa per tutti.<\/strong><\/p>\n<p><strong>27 marzo alle ore 18 alla Sala di lettura Fulvio Tomizza \u2013 Festival Fabula<\/strong><\/p>\n<p><strong>Miklav\u017e Komelj<\/strong> \u00e8 un poeta, traduttore e storico dell&#8217;arte, che il <strong>27 marzo alle ore 18.00<\/strong> sar\u00e0 presente alla Biblioteca centrale Sre\u010dko Vilhar di Capodistria. Nell&#8217;ambito del Festival <strong>Fabula<\/strong>, presenter\u00e0 il suo romanzo <strong><em>Skrij me sneg<\/em><\/strong>, e in questa occasione, la Biblioteca di Capodistria e la Libreria Libris celebreranno anche la <strong>Giornata degli Autori Europei<\/strong>, che quest&#8217;anno si celebra per la prima volta il 27 marzo su iniziativa della Commissione europea.<\/p>\n<p>Il romanzo \u00e8 caratterizzato da una struttura ciclica che di fatto evita il racconto o narrazioni. Il tema centrale \u00e8 l&#8217;ammirazione del giovane M* per il vescovo Leni\u010d e il suo venire a patti con la morte di questi. \u00c8 qui che Komelj stabilisce diversi stati di estasi, di infinito, che si verificano proprio nel ruotare intorno a un gesto o a un oggetto, come ad esempio un fiocco di neve, il tentativo di afferrarlo e la crescente consapevolezza che \u00e8 impossibile raggiungerlo.<\/p>\n<p>Komelj \u00e8 autore di numerose e pluripremiate raccolte di poesie, e alla poesia e all&#8217;arte si \u00e8 dedicato in generale mentre specificatamente alla poesia anche in veste di studioso &#8211; il suo libro del 2011 <em>Nujnost poezije<\/em> \u00e8 stato insignito del Premio Ro\u017eanca.<\/p>\n<p><strong>Il 28 marzo alle ore 18:00 alla sala Kubed \u2013 incontro con August Adrian Braatz<\/strong><\/p>\n<p>Covedo ha visto, nel mese di marzo, come ospite nella Residenza August Adrian Braatz. Regista e compositore che, dopo aver terminato gli studi, \u00e8 stato primo assistente alla regia nei lungometraggi di Martin Turek <em>Ne pozabi dihati<\/em>, di Rahele Jagri\u010d Pirc <em>Vesolje med nami<\/em> e di Slobodan Maksimovi\u0107 <em>Kapa<\/em>. I suoi lungometraggi e le sue opere musicali hanno partecipato ai principali festival cinematografici internazionali. A Covedo presenta un <strong>docu-film che racconta le storie dei degli abitanti del paese<\/strong>.<\/p>\n<p>L&#8217;evento che si terr\u00e0 <strong>il 28 marzo alle ore 18:00 nella Sala a Covedo (dvorani Kubed),<\/strong> \u00e8 organizzato congiuntamente dall&#8217;Istituto per la cultura e il turismo giovanile, dalla Biblioteca Centrale Sre\u010dko Vilhar Capodistria, KS Gra\u010di\u0161\u010de e dall&#8217;Associazione Skala Kubed.<\/p>\n<p><strong>Il 29 marzo alle ore 17.00 nella Sala di lettura del reparto per adulti &#8211; Jazz tra i libri e commemorazione dell&#8217;Anno di Ivan Tav\u010dar<\/strong><\/p>\n<p>&#8220;La biblioteca \u00e8 un luogo attraverso il quale le persone portano con s\u00e9 esperienze e sentimenti diversi.<\/p>\n<p>Attraverso la socializzazione, avviene qual contatto tra energie che le persone portano e tolgono. Il tempo si ferma l\u00ec. Le persone trascorrono diverse ore in biblioteca, sono abituate a un monitoraggio serrato, ed \u00e8 proprio questo che manca in un mondo intossicato da esperienze istantanee. Realizzare un concerto tra i libri, dove le persone sanno come ascoltare e dove come musicista ricevi l\u2019attenzione che meriti, \u00e8 qualcosa di indescrivibile&#8221;, ci ha riferito <strong>Tomi Purich<\/strong>, batterista e uno dei leader del progetto <strong>Jazz Between the Books<\/strong>. Oltre ai ritmi musicali che si impadroniscono della biblioteca, un bibliotecario legger\u00e0 brani delle opere di Tav\u010dar, rendendo omaggio e commemorando l&#8217;anno a lui dedicato.<\/p>\n<p>Contemporaneamente, il Dipartimento per i giovani lettori presenter\u00e0 il libro didattico <em>Moja abeceda<\/em>, destinato all&#8217;alfabetizzazione dei bambini. <strong>L&#8217;autrice del libro \u00e8 Mateja Vidrajz,<\/strong> nel suo lavoro intreccia diversi saperi. In passato si \u00e8 dilettata con il disegno, la creazione di gioielli e nella creazione di giochi da tavolo principalmente per i suoi figli. Oggi ha tradotto la buona pratica del lavoro con i bambini nel <strong>libro <em>Moja abeceda<\/em>,<\/strong> dove ogni lettera \u00e8 presentata attraverso otto categorie: verdura, frutta, parti del corpo, oggetti, professioni, strumenti musicali, attivit\u00e0 sportive e mezzi di trasporto.<\/p>\n<p>Siete invitati ad una chicca musico-letteraria, che avr\u00e0 luogo<strong> il 29 marzo, alle ore 17, nella sala di lettura del Dipartimento per gli adulti <\/strong>e al <strong>Dipartimento per Giovani Lettori<\/strong>.<\/p>\n<p><strong>30 marzo alle ore 19 al Golden Loggia Caff\u00e8 \u2013 serata favolosa per adulti<\/strong><\/p>\n<p>Anche a noi adulti piace immergerci nel mondo delle fiabe, che evocano in noi nostalgia. Ci rallegrano e, proprio come i bambini, ci rendono consapevoli. Le serate sono state organizzate dalla Biblioteca di Maribor, promotrice del progetto e sono raccontate da bibliotecari <strong>provenienti da tutta la Slovenia<\/strong>. A Capodistria a raccontare saranno\u00a0 <strong>Tina Podgornik<\/strong> della Biblioteca di Nova Gorica France Bevk, <strong>Lea Hedl<\/strong> e <strong>Sabina Kotnik<\/strong> della Biblioteca di Maribor, <strong>Jure Bohinec<\/strong> della Biblioteca Comunale di Kranj e uno dei bibliotecari della Biblioteca Centrale Sre\u010dko Vilhar di Capodistria. L\u2019accompagnamento musocale sar\u00e0 del cantautore <strong>Lean Kozlar Luigi<\/strong>.<\/p>\n<p>Gioved\u00ec <strong>30 marzo<\/strong>, <strong>alle ore 19<\/strong>, presso il <strong>Golden Loggia Caff\u00e8<\/strong>, si terr\u00e0 una serata fiabesca e colorata per adulti.<\/p>\n<p><strong>31 marzo alle ore 18:00 presso il Centro per le attivit\u00e0 diurne di Ancarano &#8211; Edelman Jurin\u010di\u010d presenta in anteprima la raccolta di poesie<em> Pod kostanji<\/em><\/strong><\/p>\n<p><strong>Il 31 marzo alle ore 18<\/strong>, la Biblioteca di Ancarano ospiter\u00e0 nel Centro per le attivit\u00e0 diurne il poeta <strong>Edelman Jurin\u010di\u010d<\/strong>, che presenter\u00e0 in anteprima una raccolta di poesie intitolata <strong><em>Pod kostanji. <\/em><\/strong>Anche questa volta Jurin\u010di\u010d ha dedicato la raccolta all&#8217;Istria e agli istriani. La slavista <strong>Jasna \u010cebron<\/strong> converser\u00e0 con l&#8217;autore con sottofondo musicale del candidato di quest&#8217;anno al Premio Kocjan\u010di\u010d, <strong>Marino Kranjac<\/strong>. L&#8217;evento \u00e8 stato sostenuto oltre che <strong>dall&#8217;Associazione culturale Faral<\/strong>, <strong>dal Comune di Ancarano e dalla Libreria Libris<\/strong>, che ha anche pubblicato la raccolta di poesie.<\/p>\n<p><strong>Sull&#8217;autore<\/strong>: Il talento poetico di Edelman Jurin\u010di\u010d fu notato per la prima volta da Marjan Tom\u0161i\u010d, docente di sloveno a Maresigo. Ha incoraggiato il giovane Jurin\u010di\u010d a scrivere e lo ha aiutato con le sue prime pubblicazioni. Ha cos\u00ec pubblicato i suoi lavori su molte riviste, tra le altre su Mladih potih, Kapljah, Obali, Prostoru in \u010dasu, Idrijskih razgledih, Sodobnosti, Primorskih sre\u010danjih, Dialogih, Problemih, Fontana, Mladina e Agras. Oltre alle poesie, ha pubblicato anche brevi prose affermandosi cos\u00ec come poeta e scrittore di brevi testi in prosa nell&#8217;Istria slovena.<\/p>\n<p>Jurin\u010di\u010d \u00e8 il destinatario del Premio Alojz Kocjan\u010di\u010d, membro della Societ\u00e0 degli scrittori sloveni, co-fondatore dell&#8217;Associazione degli scrittori del Litorale, dove ha ricoperto a lungo anche il ruolo di membro del consiglio di amministrazione. \u00c8 stato uno dei principali promotori della fondazione della rivista letteraria Fontana, ha partecipato alla fondazione della rivista Agras ed \u00e8 presidente dell\u2019Associazione culturale Faral.<\/p>\n<p><strong><em>3 &#8211; 30 aprile nell&#8217;atrio della Biblioteca Centrale Sre\u010dko Vilhar Capodistria &#8211; Mostra Nasmehi, ki odpirajo srca (Sorrisi che aprono i cuori)<\/em><\/strong><\/p>\n<p>La biblioteca di Capodistria ospiter\u00e0 una mostra allestita dall&#8217;Istituto per lo sviluppo e l&#8217;implementazione dei servizi di supporto alla vita indipendente in collaborazione con il fotografo del quotidiano Primorske Novice\u00a0 Bla\u017e S. Kobal.<\/p>\n<p>&#8220;All&#8217;Istituto, abbiamo sentito che oltre all&#8217;assistenza personale, la nostra missione \u00e8 anche quella di non stigmatizzare le persone disabili, in particolare le persone con disabilit\u00e0 intellettive. Siamo consapevoli che, nonostante gli enormi progressi e le soluzioni migliori attualmente a loro disposizione, le persone con disabilit\u00e0 sono spesso ancora fortemente biasimate. Lo scopo di questa mostra \u00e8 proprio la non stigmatizzazione&#8221;, ci informa l&#8217;istituto.<\/p>\n<p>La mostra sar\u00e0 aperta nella Biblioteca Centrale Sre\u010dko Vilhar di Capodistria dal 3 al 30 aprile.<\/p>\n<div class=\"fb-background-color\">\n\t\t\t  <div \n\t\t\t  \tclass = \"fb-comments\" \n\t\t\t  \tdata-href = \"https:\/\/www.kp.sik.si\/it\/2023\/03\/22\/primavera-allinsegna-di-celati-legami-tra-letteratura-cinema-e-musica\/\"\n\t\t\t  \tdata-numposts = \"10\"\n\t\t\t  \tdata-lazy = \"true\"\n\t\t\t\tdata-colorscheme = \"light\"\n\t\t\t\tdata-order-by = \"social\"\n\t\t\t\tdata-mobile=true>\n\t\t\t  <\/div><\/div>\n\t\t  <style>\n\t\t    .fb-background-color {\n\t\t\t\tbackground:  !important;\n\t\t\t}\n\t\t\t.fb_iframe_widget_fluid_desktop iframe {\n\t\t\t    width: 100% !important;\n\t\t\t}\n\t\t  <\/style>\n\t\t  ","protected":false},"excerpt":{"rendered":"<p>Le biblioteche di Capodistria e Ancarano stanno preparando una settimana in compagnia di interessanti autori e creatori. In quest&#8217;occasione la letteratura sar\u00e0 connessa al cinema e alla musica. Gli eventi [&hellip;]<\/p>\n","protected":false},"author":7,"featured_media":12639,"comment_status":"open","ping_status":"open","sticky":false,"template":"","format":"standard","meta":{"_acf_changed":false,"footnotes":""},"categories":[49],"tags":[],"class_list":["post-15339","post","type-post","status-publish","format-standard","has-post-thumbnail","hentry","category-informazioni-generali"],"acf":[],"_links":{"self":[{"href":"https:\/\/www.kp.sik.si\/it\/wp-json\/wp\/v2\/posts\/15339","targetHints":{"allow":["GET"]}}],"collection":[{"href":"https:\/\/www.kp.sik.si\/it\/wp-json\/wp\/v2\/posts"}],"about":[{"href":"https:\/\/www.kp.sik.si\/it\/wp-json\/wp\/v2\/types\/post"}],"author":[{"embeddable":true,"href":"https:\/\/www.kp.sik.si\/it\/wp-json\/wp\/v2\/users\/7"}],"replies":[{"embeddable":true,"href":"https:\/\/www.kp.sik.si\/it\/wp-json\/wp\/v2\/comments?post=15339"}],"version-history":[{"count":2,"href":"https:\/\/www.kp.sik.si\/it\/wp-json\/wp\/v2\/posts\/15339\/revisions"}],"predecessor-version":[{"id":15341,"href":"https:\/\/www.kp.sik.si\/it\/wp-json\/wp\/v2\/posts\/15339\/revisions\/15341"}],"wp:featuredmedia":[{"embeddable":true,"href":"https:\/\/www.kp.sik.si\/it\/wp-json\/wp\/v2\/media\/12639"}],"wp:attachment":[{"href":"https:\/\/www.kp.sik.si\/it\/wp-json\/wp\/v2\/media?parent=15339"}],"wp:term":[{"taxonomy":"category","embeddable":true,"href":"https:\/\/www.kp.sik.si\/it\/wp-json\/wp\/v2\/categories?post=15339"},{"taxonomy":"post_tag","embeddable":true,"href":"https:\/\/www.kp.sik.si\/it\/wp-json\/wp\/v2\/tags?post=15339"}],"curies":[{"name":"wp","href":"https:\/\/api.w.org\/{rel}","templated":true}]}}