{"id":15989,"date":"2023-05-16T11:11:10","date_gmt":"2023-05-16T09:11:10","guid":{"rendered":"https:\/\/www.kp.sik.si\/?p=15989"},"modified":"2023-05-16T11:11:10","modified_gmt":"2023-05-16T09:11:10","slug":"invito_commemorazione-per-il-110-anniversario-di-alojz-kocjancic-consegna-dellordine-dargento-al-merito-della-nazione-del-quale-kocjancic-e-stato-insignito-dal-maresciallo-tito","status":"publish","type":"post","link":"https:\/\/www.kp.sik.si\/it\/2023\/05\/16\/invito_commemorazione-per-il-110-anniversario-di-alojz-kocjancic-consegna-dellordine-dargento-al-merito-della-nazione-del-quale-kocjancic-e-stato-insignito-dal-maresciallo-tito\/","title":{"rendered":"INVITO_COMMEMORAZIONE PER IL 110\u00b0 ANNIVERSARIO DI\u00a0ALOJZ KOCJAN\u010cI\u010c:\u00a0Consegna dell&#8217;Ordine d&#8217;argento al merito della nazione, del quale Kocjan\u010di\u010d \u00e8 stato insignito dal maresciallo Tito"},"content":{"rendered":"<p style=\"font-weight: 400;\">La Biblioteca centrale Sre\u010dko Vilhar di Capodistria, l&#8217;Istituto per la giovent\u00f9, la cultura e il turismo di Capodistria, la Comunit\u00e0 Locale di Gra\u010di\u0161\u010de, l&#8217;Archivio regionale di Capodistria, il Centro di ricerche scietifiche di Capodistria e la Libreria Libris vi invitano alla\u00a0<strong>1\u00aa \u2018Camminata\u2019 in ricordo Alojz Kocjan\u010di\u010d<\/strong>\u00a0che si terr\u00e0\u00a0<strong>sabato 20 maggio alle ore 10.00<\/strong>, in occasione del 110\u00b0 anniversario della nascita del primo poeta istriano sloveno. Alle ore\u00a0<strong>15.00<\/strong>\u00a0l\u2019itinerario letterario continuer\u00e0 con un evento in cui verr\u00e0\u00a0<strong>presentato per la prima volta l&#8217;Ordine d&#8217;Argento al Merito della Nazione<\/strong>, del quale Kocjan\u010di\u010d venne insignito dal Maresciallo Tito nel 1974. Seguir\u00e0 un interessante programma dove si presenteranno i bambini della Scuola elementare Istrska Odreda Gra\u010di\u0161\u010de, il Coro misto dell&#8217;Associazione culturale Alojz Kocjan\u010di\u010d Pu\u010de-Ko\u0161tabona e l\u2019attuale residente della Casa Alojz Kocjan\u010di\u010d, Avgust Braatz, che esporr\u00e0 un documentario realizzato tra gli abitanti di Kubed. Un momento speciale sar\u00e0 sicuramente la presentazione del libro illustrato\u00a0<em>Iz naro\u010dja Istre v naro\u010dje besede<\/em>\u00a0di Ines Cergol. I visitatori saranno allietati anche dalle bancarelle di fronte alla Sala Kubed, dove gli artigiani locali esporranno i loro prodotti.<\/p>\n<p style=\"font-weight: 400;\">La Biblioteca centrale Sre\u010dko Vilhar di Capodistria, per permettere di partecipare all\u2019evento, organizza uno speciale servizio di trasporto autobus che fermer\u00e0 di fronte al garage Belveder alle ore 9:00 e rientrer\u00e0 a Capodistria alle ore 17:00.\u00a0<strong>Le iscrizioni<\/strong>\u00a0al servizio navetta vengono raccolte via\u00a0<strong>e-mail all\u2019indirizzo<\/strong>\u00a0<strong><u><a href=\"mailto:tina.sarazin@knjiznica-koper.si\">tina.sarazin@knjiznica-koper.si<\/a><\/u><\/strong><strong>\u00a0<\/strong>fino ad esaurimento posti!<\/p>\n<p style=\"font-weight: 400;\"><strong>PROGRAMMA:<\/strong><\/p>\n<p style=\"font-weight: 400;\">9.00 &#8211; Bus navetta (fermata davanti al garage Belveder)<br \/>\n10.00 &#8211; Inizio dell&#8217;escursione davanti alla casa di Alojz Kocjan\u010di\u010d (salita a La\u010dno, discesa a Gra\u010di\u0161\u010de e ritorno a Kubed)<br \/>\n14.00 &#8211; Ritrovo degli escursionisti davanti alla sala di Kubed e presentazione delle bancarelle con i fornitori locali<br \/>\n15.00 &#8211; Evento culturale nella Sala di Kubed<br \/>\n17.00 &#8211; Trasferimento in autobus a Capodistria (fermata davanti al garage Belveder).<\/p>\n<p>Gentilmente invitati!<\/p>\n<p>Biblioteca centrale Sre\u010dka Vilharja di Capodistria<\/p>\n<div class=\"fb-background-color\">\n\t\t\t  <div \n\t\t\t  \tclass = \"fb-comments\" \n\t\t\t  \tdata-href = \"https:\/\/www.kp.sik.si\/it\/2023\/05\/16\/invito_commemorazione-per-il-110-anniversario-di-alojz-kocjancic-consegna-dellordine-dargento-al-merito-della-nazione-del-quale-kocjancic-e-stato-insignito-dal-maresciallo-tito\/\"\n\t\t\t  \tdata-numposts = \"10\"\n\t\t\t  \tdata-lazy = \"true\"\n\t\t\t\tdata-colorscheme = \"light\"\n\t\t\t\tdata-order-by = \"social\"\n\t\t\t\tdata-mobile=true>\n\t\t\t  <\/div><\/div>\n\t\t  <style>\n\t\t    .fb-background-color {\n\t\t\t\tbackground:  !important;\n\t\t\t}\n\t\t\t.fb_iframe_widget_fluid_desktop iframe {\n\t\t\t    width: 100% !important;\n\t\t\t}\n\t\t  <\/style>\n\t\t  ","protected":false},"excerpt":{"rendered":"<p>La Biblioteca centrale Sre\u010dko Vilhar di Capodistria, l&#8217;Istituto per la giovent\u00f9, la cultura e il turismo di Capodistria, la Comunit\u00e0 Locale di Gra\u010di\u0161\u010de, l&#8217;Archivio regionale di Capodistria, il Centro di [&hellip;]<\/p>\n","protected":false},"author":7,"featured_media":11897,"comment_status":"open","ping_status":"open","sticky":false,"template":"","format":"standard","meta":{"_acf_changed":false,"footnotes":""},"categories":[49],"tags":[],"class_list":["post-15989","post","type-post","status-publish","format-standard","has-post-thumbnail","hentry","category-informazioni-generali"],"acf":[],"_links":{"self":[{"href":"https:\/\/www.kp.sik.si\/it\/wp-json\/wp\/v2\/posts\/15989","targetHints":{"allow":["GET"]}}],"collection":[{"href":"https:\/\/www.kp.sik.si\/it\/wp-json\/wp\/v2\/posts"}],"about":[{"href":"https:\/\/www.kp.sik.si\/it\/wp-json\/wp\/v2\/types\/post"}],"author":[{"embeddable":true,"href":"https:\/\/www.kp.sik.si\/it\/wp-json\/wp\/v2\/users\/7"}],"replies":[{"embeddable":true,"href":"https:\/\/www.kp.sik.si\/it\/wp-json\/wp\/v2\/comments?post=15989"}],"version-history":[{"count":2,"href":"https:\/\/www.kp.sik.si\/it\/wp-json\/wp\/v2\/posts\/15989\/revisions"}],"predecessor-version":[{"id":15991,"href":"https:\/\/www.kp.sik.si\/it\/wp-json\/wp\/v2\/posts\/15989\/revisions\/15991"}],"wp:featuredmedia":[{"embeddable":true,"href":"https:\/\/www.kp.sik.si\/it\/wp-json\/wp\/v2\/media\/11897"}],"wp:attachment":[{"href":"https:\/\/www.kp.sik.si\/it\/wp-json\/wp\/v2\/media?parent=15989"}],"wp:term":[{"taxonomy":"category","embeddable":true,"href":"https:\/\/www.kp.sik.si\/it\/wp-json\/wp\/v2\/categories?post=15989"},{"taxonomy":"post_tag","embeddable":true,"href":"https:\/\/www.kp.sik.si\/it\/wp-json\/wp\/v2\/tags?post=15989"}],"curies":[{"name":"wp","href":"https:\/\/api.w.org\/{rel}","templated":true}]}}