{"id":16348,"date":"2023-05-22T13:43:23","date_gmt":"2023-05-22T11:43:23","guid":{"rendered":"https:\/\/www.kp.sik.si\/?p=16348"},"modified":"2023-05-22T13:43:23","modified_gmt":"2023-05-22T11:43:23","slug":"110-commemorazione-prima-passegiata-letteraria-di-alojz-kocjancic-e-ordine-dargento-al-merito-della-nazione","status":"publish","type":"post","link":"https:\/\/www.kp.sik.si\/it\/2023\/05\/22\/110-commemorazione-prima-passegiata-letteraria-di-alojz-kocjancic-e-ordine-dargento-al-merito-della-nazione\/","title":{"rendered":"110\u00b0 COMMEMORAZIONE: prima Passegiata letteraria di Alojz Kocjan\u010di\u010d e Ordine d&#8217;argento al merito della nazione"},"content":{"rendered":"<p><strong>Sabato scorso, la Biblioteca centrale Sre\u010dko Vilhar di Capodistria , l&#8217;Istituto per la giovent\u00f9, la cultura e il turismo di Capodistria, la Comunit\u00e0 locale di Gra\u010di\u0161\u010de, l&#8217;Archivio regionale di Capodistria, il Centro di ricerche scietifiche di Capodistria e la Libreria Libris hanno organizzato con successo la prima Passeggiata letteraria Alojz Kocjan\u010di\u010d in occasione del 110\u00b0 anniversario della nascita del primo poeta istriano sloveno. L&#8217;escursione letteraria \u00e8 stata seguita da un evento culturale in cui \u00e8 stato presentato per la prima volta l&#8217;Ordine d&#8217;argento al merito della nazione del quale Kocjan\u010di\u010d fu insignito dal Maresciallo Tito nel 1974. <\/strong><\/p>\n<p>&#8220;<em>I vari protagonisti del paesaggio culturale si sono uniti per commemorare il 110\u00b0 anniversario della nascita del primo poeta istriano sloveno. Oggi, alla prima Passeggiata letteraria Alojz Kocjan\u010di\u010d hanno partecipato molte generazioni, dai pi\u00f9 giovani ai pi\u00f9 anziani, che hanno anche raccolto chilometri nell&#8217;ambito del progetto #DarujemKilometre. Insieme siamo andati prima a La\u010dno, dove i pi\u00f9 coraggiosi sono saliti sulla torre panoramica per poi scendere a Gra\u010di\u0161\u010de, dove le persone del luogo ci hanno accolto calorosamente e hanno condiviso un po&#8217; di storia della comunit\u00e0 locale. L&#8217; escursione letteraria si \u00e8 conclusa nella sala di Kubed<\/em>&#8220;, ha dichiarato <strong>Luana Malec, direttrice della Biblioteca di Capodistria<\/strong>, che in occasione dell&#8217;anniversario, le \u00e8 stato donato l&#8217;Ordine d&#8217;argento al merito della nazione gi\u00e0 consegnato a Kocjan\u010di\u010d dal defunto maresciallo Josip Broz-Tito nel 1974.<\/p>\n<p><strong>L&#8217;Ordine d&#8217;argento al merito della Nazione, conferito ad Alojz Kocjan\u010di\u010d<\/strong>, \u00e8 stato consegnato per la prima volta all&#8217;Archivio regionale di Capodistria per essere custodito da Ines Cergol, studiosa della vita di Kocjan\u010di\u010d, docente e autrice.<\/p>\n<p>Come ha sottolineato, durante l&#8217;evento<strong> la direttrice dell&#8217;Archivio regionale, Nada \u010cibej<\/strong>: &#8220;D&#8217;ora in poi, questo prezioso documento sar\u00e0 esposto nella sala commemorativa dedicata a Kocjan\u010di\u010d, quindi simbolicamente lo consegno alla Biblioteca centrale Sre\u010dko Vilhar di Capodistria affinch\u00e9 lo custodisca. Kocjan\u010di\u010d \u00e8 stato membro della commissione religiosa jugoslava per pi\u00f9 di vent&#8217;anni e quindi era in contatto con i vertici della Slovenia e della Jugoslavia&#8221;.<\/p>\n<p>Ha fatto seguito la <strong>presentazione del libro illustrato<\/strong> <strong><em>Iz naro\u010dja Istre v naro\u010dje besede<\/em><\/strong>, che descrive la vita di A. Kocjan\u010di\u010d. <strong>L&#8217;autrice Ines Cergol e la locale Tanja Jakomin Kocjan\u010di\u010d<\/strong> hanno raccontato della sua vita sfogliando il libro, illustrato da <strong>Vesna Benedeti\u010d<\/strong>.<\/p>\n<p>L&#8217;evento \u00e8 stato inoltre arricchito dai canti del <strong>Coro misto dell&#8217;Associazione culturale Alojz Kocjan\u010di\u010d Pu\u010de-Ko\u0161tabona<\/strong> e da brani teatrali tratti dal libro illustrato <em>Iz naro\u010dja Istre v naro\u010dje besede<\/em>, interpretati dai bambini della <strong>Scuola elementare Istrska Odreda Gra\u010di\u0161\u010de<\/strong>.<\/p>\n<p>&#8220;<em>Alojz Kocjan\u010di\u010d ha vissuto una vita piena e interessante e, anche dopo la sua morte, fa s\u00ec che Kubed, sua citt\u00e0 natale, sia piena di vita e di artisti notevoli. \u00c8 il terzo anno consecutivo che ospitiamo artisti in residenza, questa volta provenienti dal mondo del cinema, dell&#8217;intermedia e del teatro<\/em>&#8220;, ha dichiarato <strong>Patrik Holz<\/strong>, responsabile del Dipartimento Cultura dell&#8217;Istituto per la Giovent\u00f9, la Cultura e il Turismo, presentando le attivit\u00e0 della residenza, che ospita artisti durante tutto l&#8217;anno.<\/p>\n<p>A dare un tocco speciale all&#8217;evento \u00e8 stato il breve <strong>docu-film <em>\u0160tajon<\/em><\/strong>, girato tra gli abitanti di Kubed, da <strong>August Adrian Braatz<\/strong> durante il suo soggiorno nella residenza di A. Kocjan\u010di\u010d.<\/p>\n<div class=\"fb-background-color\">\n\t\t\t  <div \n\t\t\t  \tclass = \"fb-comments\" \n\t\t\t  \tdata-href = \"https:\/\/www.kp.sik.si\/it\/2023\/05\/22\/110-commemorazione-prima-passegiata-letteraria-di-alojz-kocjancic-e-ordine-dargento-al-merito-della-nazione\/\"\n\t\t\t  \tdata-numposts = \"10\"\n\t\t\t  \tdata-lazy = \"true\"\n\t\t\t\tdata-colorscheme = \"light\"\n\t\t\t\tdata-order-by = \"social\"\n\t\t\t\tdata-mobile=true>\n\t\t\t  <\/div><\/div>\n\t\t  <style>\n\t\t    .fb-background-color {\n\t\t\t\tbackground:  !important;\n\t\t\t}\n\t\t\t.fb_iframe_widget_fluid_desktop iframe {\n\t\t\t    width: 100% !important;\n\t\t\t}\n\t\t  <\/style>\n\t\t  ","protected":false},"excerpt":{"rendered":"<p>Sabato scorso, la Biblioteca centrale Sre\u010dko Vilhar di Capodistria , l&#8217;Istituto per la giovent\u00f9, la cultura e il turismo di Capodistria, la Comunit\u00e0 locale di Gra\u010di\u0161\u010de, l&#8217;Archivio regionale di Capodistria, [&hellip;]<\/p>\n","protected":false},"author":7,"featured_media":16066,"comment_status":"open","ping_status":"open","sticky":false,"template":"","format":"standard","meta":{"_acf_changed":false,"footnotes":""},"categories":[49],"tags":[],"class_list":["post-16348","post","type-post","status-publish","format-standard","has-post-thumbnail","hentry","category-informazioni-generali"],"acf":[],"_links":{"self":[{"href":"https:\/\/www.kp.sik.si\/it\/wp-json\/wp\/v2\/posts\/16348","targetHints":{"allow":["GET"]}}],"collection":[{"href":"https:\/\/www.kp.sik.si\/it\/wp-json\/wp\/v2\/posts"}],"about":[{"href":"https:\/\/www.kp.sik.si\/it\/wp-json\/wp\/v2\/types\/post"}],"author":[{"embeddable":true,"href":"https:\/\/www.kp.sik.si\/it\/wp-json\/wp\/v2\/users\/7"}],"replies":[{"embeddable":true,"href":"https:\/\/www.kp.sik.si\/it\/wp-json\/wp\/v2\/comments?post=16348"}],"version-history":[{"count":2,"href":"https:\/\/www.kp.sik.si\/it\/wp-json\/wp\/v2\/posts\/16348\/revisions"}],"predecessor-version":[{"id":16350,"href":"https:\/\/www.kp.sik.si\/it\/wp-json\/wp\/v2\/posts\/16348\/revisions\/16350"}],"wp:featuredmedia":[{"embeddable":true,"href":"https:\/\/www.kp.sik.si\/it\/wp-json\/wp\/v2\/media\/16066"}],"wp:attachment":[{"href":"https:\/\/www.kp.sik.si\/it\/wp-json\/wp\/v2\/media?parent=16348"}],"wp:term":[{"taxonomy":"category","embeddable":true,"href":"https:\/\/www.kp.sik.si\/it\/wp-json\/wp\/v2\/categories?post=16348"},{"taxonomy":"post_tag","embeddable":true,"href":"https:\/\/www.kp.sik.si\/it\/wp-json\/wp\/v2\/tags?post=16348"}],"curies":[{"name":"wp","href":"https:\/\/api.w.org\/{rel}","templated":true}]}}