{"id":27430,"date":"2025-05-19T16:46:10","date_gmt":"2025-05-19T14:46:10","guid":{"rendered":"https:\/\/www.kp.sik.si\/?p=27430"},"modified":"2025-05-19T16:46:10","modified_gmt":"2025-05-19T14:46:10","slug":"forum-tomizza-elogio-alla-follia","status":"publish","type":"post","link":"https:\/\/www.kp.sik.si\/it\/2025\/05\/19\/forum-tomizza-elogio-alla-follia\/","title":{"rendered":"Forum Tomizza: Elogio alla follia"},"content":{"rendered":"<p>Forum Tomizza: Elogio alla follia<\/p>\n<p>L\u2019odierna conferenza stampa alla Loggia Piccola ha segnato l&#8217;inizio del viaggio tra Capodistria, Trieste e Umago del treno culturale denominato Forum Tomizza. Questa volta, il 26\u00b0 incontro internazionale di frontiera, porta alla ribalta autori con una chiara prospettiva e comprensione di tutte le situazioni di minoritarie.<\/p>\n<p>La sensibilit\u00e0 verso gli emarginati, verso coloro che sono socialmente e culturalmente in pericolo e verso gli Altri \u00e8 stata gi\u00e0 evidenziata, come valore fondamentale di civilt\u00e0, dallo scrittore Fulvio Tomizza, da cui prende il nome l&#8217;incontro internazionale, e dal 2000, su iniziativa dello scrittore <strong>Milan Rakovec<\/strong>, \u00e8 vissuta anche dal Forum Tomizza.<\/p>\n<p>Il tema di quest&#8217;anno \u00e8 Elogio alla follia, sotto il cui nome si svolgeranno mostre, presentazioni di libri, spettacoli, percorsi letterari, recital di poesia e, naturalmente, un simposio. Fino a mercoled\u00ec 21 maggio sono in programma due serate, una delle quali \u00e8 ospitata dalla Biblioteca centrale Sre\u010dko Vilhar di Capodistria, che \u00e8 anche co-organizzatrice del Forum Tomizza.<\/p>\n<p><strong>Marted\u00ec 20 maggio<\/strong>, alle ore 19.00, ascolteremo una conversazione tra Poljanka Dolhar, giornalista e coautrice di\u00a0<em><strong>Kako lep je Trst\u00a0<\/strong><\/em> e <strong><em>Com\u2019\u00e8 bella Trieste<\/em><\/strong> (ZTT Trieste), e Irena Urbi\u010d, pilastro del Forum Tomizza, nella Sala di lettura della citt\u00e0.<\/p>\n<p>&nbsp;<\/p>\n<p>Ulteriori informazioni sugli eventi sono disponibili sul sito web del <a href=\"https:\/\/forumtomizza.com\/sl\/forum-tomizza-2025-program-2\/\" target=\"_blank\" rel=\"noopener\">Forum Tomizza.\u00a0<\/a><\/p>\n<p>Tra questi, segnaliamo quello di oggi, luned\u00ec sera, quando alle ore 19.00 presso la Comunit\u00e0 Santorio Santorio degli Italiani a Palazzo Gravisi (via OF10), si terr\u00e0 la presentazione <em><strong>Nuovo Almanacco del Ramo d\u2019Oro<\/strong><\/em>, dedicato a Fulvio Tomizza. Parteciperanno <strong>Marko Kravos, Gabriella Musetti, Mario Steff\u00e8<\/strong> e <strong>Jasna \u010cebron.<\/strong><\/p>\n<p><strong>Marted\u00ec 20 maggio<\/strong>, alle ore 17.00 avranno inizio gli <strong><em>Itinerari tomizziani<\/em><\/strong> <strong>in<\/strong> Piazza Tito, da dove <strong>Jasna \u010cebron<\/strong> guider\u00e0 i partecipanti lungo i percorsi di Tomizza a Capodistria.<\/p>\n<p><strong>Mercoled\u00ec 21 maggio<\/strong>, alle ore 17.30, presso la sede della LETS &#8211; LETTERATURA TRIESTE, Piazza Attilio Hortis 4, si terr\u00e0 il <strong>simposio \u201cElogio alla follia\u201d<\/strong> con i partecipanti <strong>Cristina Bonadei<\/strong> (Trieste), <strong>Marina Mander<\/strong> (Milano, Trieste), <strong>Elena Cerkveni\u010d<\/strong> (Trieste) e <strong>Du\u0161an Jelin\u010di\u010d<\/strong> (Trieste).<\/p>\n<p><strong>Gioved\u00ec 22 maggio<\/strong>, alle 10.30, il simposio proseguir\u00e0 a Capodistria, presso il Palazzo Pretoria, con i partecipanti <strong>Tatjana Rojc<\/strong> (Trieste), <strong>Arian Leka<\/strong> (Tirana), <strong>Chris Baldwin<\/strong> (Plovdiv), <strong>Ahmed Buri\u0107<\/strong> (Sarajevo), <strong>Mirjana \u0110ur\u0111evi\u0107<\/strong> (Belgrado) e <strong>Franco Per\u00f2<\/strong> (Trieste).<\/p>\n<p>&nbsp;<\/p>\n<p>Lo stesso giorno, alle ore 16.30, nella Loggia Piccola si terr\u00e0 la mostra e la presentazione della raccolta <strong>Lapis Histriae: Grammatica dell\u2019oblio, <\/strong><strong>seguita a<\/strong>lle ore 17.30, al Lapidario del Museo regionale, dall&#8217;evento <strong>Poeta in corso<\/strong>, durante il quale si esibiranno i poeti <strong>Marija Andrija\u0161evi\u0107, Arian Leka, Aljo\u0161a Pu\u017ear, Ga\u0161per Malej<\/strong> e <strong>Ines Cergol,<\/strong> accompagnati dalla chitarra di <strong>Gabriele De Leporini.<\/strong><\/p>\n<p>Seguir\u00e0, alle ore 17.30 al Lapidario, la presentazione di un <strong>libretto trilingue<\/strong> con un racconto di <strong>Drago Jan\u010dar<\/strong>, intitolato <em><strong>Joyceov u\u010denec<\/strong><\/em><strong>\u00a0<\/strong> (L&#8217;allievo di Joyce N.d.T., edito dal Club sloveno Forum Tomizza).<\/p>\n<p><strong>Venerd\u00ec 23 maggio, a Umago<\/strong>, saranno consegnati i premi <strong><em>Lapis Histriae 2025<\/em><\/strong> e si terr\u00e0 il <strong><em>simposio Grammatica dell&#8217;oblio<\/em><\/strong> con i partecipanti <strong>Aljo\u0161a Pu\u017ear<\/strong> (Lubiana), <strong>Marija Andrija\u0161evi\u0107<\/strong> (Zagabria), <strong>Erika \u0160por\u010di\u0107 Calabr\u00f2<\/strong> (Umago), <strong>Miha Kosovel<\/strong> (Nova Gorica) e <strong>Igor Grbi\u0107<\/strong> (Pola).<\/p>\n<p>Oltre al libretto trilingue con un racconto di <strong>Drago Jan\u010dar<\/strong> verr\u00e0 presentato anche il libro <strong><em>Ku\u017eina prvanja<\/em><\/strong> di <strong>Milan Rakovec<\/strong> (edizioni Shura).<\/p>\n<p><strong>Sabato 24 maggio<\/strong> il Forum Tomizza si concluder\u00e0, come da tradizione, a Materada con una commemorazione sulla tomba di Fulvio Tomizza.<\/p>\n<p>Vi invitiamo a unirvi a noi per preservare la ricchezza dell&#8217;Istria multiculturale!<\/p>\n<div class=\"fb-background-color\">\n\t\t\t  <div \n\t\t\t  \tclass = \"fb-comments\" \n\t\t\t  \tdata-href = \"https:\/\/www.kp.sik.si\/it\/2025\/05\/19\/forum-tomizza-elogio-alla-follia\/\"\n\t\t\t  \tdata-numposts = \"10\"\n\t\t\t  \tdata-lazy = \"true\"\n\t\t\t\tdata-colorscheme = \"light\"\n\t\t\t\tdata-order-by = \"social\"\n\t\t\t\tdata-mobile=true>\n\t\t\t  <\/div><\/div>\n\t\t  <style>\n\t\t    .fb-background-color {\n\t\t\t\tbackground:  !important;\n\t\t\t}\n\t\t\t.fb_iframe_widget_fluid_desktop iframe {\n\t\t\t    width: 100% !important;\n\t\t\t}\n\t\t  <\/style>\n\t\t  ","protected":false},"excerpt":{"rendered":"<p>Forum Tomizza: Elogio alla follia L\u2019odierna conferenza stampa alla Loggia Piccola ha segnato l&#8217;inizio del viaggio tra Capodistria, Trieste e Umago del treno culturale denominato Forum Tomizza. Questa volta, il [&hellip;]<\/p>\n","protected":false},"author":15,"featured_media":27385,"comment_status":"open","ping_status":"open","sticky":false,"template":"","format":"standard","meta":{"_acf_changed":false,"footnotes":""},"categories":[37],"tags":[],"class_list":["post-27430","post","type-post","status-publish","format-standard","has-post-thumbnail","hentry","category-non-categorizzato"],"acf":[],"_links":{"self":[{"href":"https:\/\/www.kp.sik.si\/it\/wp-json\/wp\/v2\/posts\/27430","targetHints":{"allow":["GET"]}}],"collection":[{"href":"https:\/\/www.kp.sik.si\/it\/wp-json\/wp\/v2\/posts"}],"about":[{"href":"https:\/\/www.kp.sik.si\/it\/wp-json\/wp\/v2\/types\/post"}],"author":[{"embeddable":true,"href":"https:\/\/www.kp.sik.si\/it\/wp-json\/wp\/v2\/users\/15"}],"replies":[{"embeddable":true,"href":"https:\/\/www.kp.sik.si\/it\/wp-json\/wp\/v2\/comments?post=27430"}],"version-history":[{"count":1,"href":"https:\/\/www.kp.sik.si\/it\/wp-json\/wp\/v2\/posts\/27430\/revisions"}],"predecessor-version":[{"id":27431,"href":"https:\/\/www.kp.sik.si\/it\/wp-json\/wp\/v2\/posts\/27430\/revisions\/27431"}],"wp:featuredmedia":[{"embeddable":true,"href":"https:\/\/www.kp.sik.si\/it\/wp-json\/wp\/v2\/media\/27385"}],"wp:attachment":[{"href":"https:\/\/www.kp.sik.si\/it\/wp-json\/wp\/v2\/media?parent=27430"}],"wp:term":[{"taxonomy":"category","embeddable":true,"href":"https:\/\/www.kp.sik.si\/it\/wp-json\/wp\/v2\/categories?post=27430"},{"taxonomy":"post_tag","embeddable":true,"href":"https:\/\/www.kp.sik.si\/it\/wp-json\/wp\/v2\/tags?post=27430"}],"curies":[{"name":"wp","href":"https:\/\/api.w.org\/{rel}","templated":true}]}}