{"id":29952,"date":"2025-12-01T13:16:42","date_gmt":"2025-12-01T12:16:42","guid":{"rendered":"https:\/\/www.kp.sik.si\/?p=29952"},"modified":"2025-12-01T13:52:53","modified_gmt":"2025-12-01T12:52:53","slug":"dicembre-in-biblioteca","status":"publish","type":"post","link":"https:\/\/www.kp.sik.si\/it\/2025\/12\/01\/dicembre-in-biblioteca\/","title":{"rendered":"Dicembre in biblioteca"},"content":{"rendered":"<article class=\"text-token-text-primary w-full focus:outline-none [--shadow-height:45px] has-data-writing-block:pointer-events-none has-data-writing-block:-mt-(--shadow-height) has-data-writing-block:pt-(--shadow-height) [&amp;:has([data-writing-block])&gt;*]:pointer-events-auto [content-visibility:auto] supports-[content-visibility:auto]:[contain-intrinsic-size:auto_100lvh] scroll-mt-[calc(var(--header-height)+min(200px,max(70px,20svh)))]\" dir=\"auto\" tabindex=\"-1\" data-turn-id=\"request-WEB:4a1019f5-e99e-4195-b316-034973a43069-0\" data-testid=\"conversation-turn-2\" data-scroll-anchor=\"true\" data-turn=\"assistant\">\n<div class=\"text-base my-auto mx-auto pb-10 [--thread-content-margin:--spacing(4)] thread-sm:[--thread-content-margin:--spacing(6)] thread-lg:[--thread-content-margin:--spacing(16)] px-(--thread-content-margin)\">\n<div class=\"[--thread-content-max-width:40rem] thread-lg:[--thread-content-max-width:48rem] mx-auto max-w-(--thread-content-max-width) flex-1 group\/turn-messages focus-visible:outline-hidden relative flex w-full min-w-0 flex-col agent-turn\" tabindex=\"-1\">\n<div class=\"flex max-w-full flex-col grow\">\n<div class=\"min-h-8 text-message relative flex w-full flex-col items-end gap-2 text-start break-words whitespace-normal [.text-message+&amp;]:mt-1\" dir=\"auto\" data-message-author-role=\"assistant\" data-message-id=\"a897170c-0a62-44dc-b3d2-79abcf961427\" data-message-model-slug=\"gpt-5-1\">\n<div class=\"flex w-full flex-col gap-1 empty:hidden first:pt-[1px]\" style=\"text-align: center;\">\n<div class=\"markdown prose dark:prose-invert w-full break-words light markdown-new-styling\">\n<p style=\"text-align: center;\" data-start=\"0\" data-end=\"220\" data-is-last-node=\"\" data-is-only-node=\"\"><span style=\"font-size: 14pt;\"><strong>Ecco il bollettino di dicembre, con il quale vi invitiamo in biblioteca a una variet\u00e0 di eventi interessanti. Non perdete la mostra dedicata allo scrittore Rudi \u0160eligo in occasione del 90\u00ba anniversario della sua nascita.<\/strong><\/span><\/p>\n<p data-start=\"0\" data-end=\"220\" data-is-last-node=\"\" data-is-only-node=\"\">\n<\/div>\n<p><span style=\"font-size: 14pt;\"><strong><span style=\"color: #00ccff;\">&#8212;&#8212;&#8212;&#8212;&#8212;&#8212;&#8212;&#8212;&#8212;&#8212;&#8212;&#8212;&#8212;&#8212;&#8212;&#8211;<\/span><\/strong><\/span><\/p>\n<p>&nbsp;<\/p>\n<\/div>\n<p><span style=\"font-size: 14pt;\"><strong>Luned\u00ec 1\u00b0 dicembre, alle ore 18:00<\/strong>, al Centro Intergenerazionale di Ancarano la serata di discussione\u00a0<em><strong>&#8220;Una serata, mille racconti&#8221;<\/strong><\/em>\u00a0con la scrittrice, poetessa, attrice e regista teatrale\u00a0<strong>Maja Gal \u0160tromar<\/strong>\u00a0e l&#8217;avvocatessa e poetessa\u00a0<strong>Maja Pi\u0161ot Cvikl<\/strong>. Condurr\u00e0 la serata Maja Perti\u010d Gomba\u010d.<\/span><\/p>\n<p><span style=\"font-size: 14pt;\"><strong>Marted\u00ec 2 dicembre, alle ore 18:00<\/strong>, la Civica Sala di Lettura ospiter\u00e0\u00a0<strong>Dejan Krajlah<\/strong>, noto sotto lo pseudonimo letterario di L. R. Giuliani. In una conversazione con Alenka Penjak, presenter\u00e0 il suo nuovo romanzo giallo <em><strong>&#8220;Ro\u017ea z Donave&#8221;<\/strong><\/em>.<\/span><\/p>\n<p><span style=\"font-size: 14pt;\"><strong>Mercoled\u00ec 3 dicembre, alle ore 18:00<\/strong>\u00a0presso la Civica Sala di Lettura si terr\u00e0 una conferenza su\u00a0<strong>Josip Belu\u0161i\u0107<\/strong>, inventore del velocimetro e insegnante presso l&#8217;ex Istituto Magistrale Maschile di Capodistria.\u00a0Presentazione a cura della dott.ssa\u00a0<strong>Dijana Mu\u0161kardin<\/strong>.<\/span><\/p>\n<p><span style=\"font-size: 14pt;\"><strong>Luned\u00ec 8 dicembre, alle ore 17:30<\/strong>, la Biblioteca di Semedela ospiter\u00e0 un nuovo incontro del circolo di lettura\u00a0<em><strong>&#8220;\u010cas za eno \u0161torijo&#8221;<\/strong><\/em>, condotto da Ur\u0161a Skumavc.<\/span><\/p>\n<p><span style=\"font-size: 14pt;\"><strong>Marted\u00ec 9 dicembre, alle ore 18:00<\/strong>, la Civica Sala di Lettura ospiter\u00e0\u00a0<strong>Eva Ostrou\u0161ka<\/strong>. In una conversazione con Alenko Penjak, presenter\u00e0 il suo nuovo libro\u00a0<em><strong>&#8220;Najine eroti\u010dne \u010drtice&#8221;<\/strong>,<\/em>\u00a0dedicato all&#8217;intimit\u00e0 nelle relazioni di coppia.<\/span><\/p>\n<p><span style=\"font-size: 14pt;\"><strong>Marted\u00ec 16 dicembre, alle 18:00<\/strong>, la Civica Sala di Lettura cittadina ospiter\u00e0 un nuovo evento letterario-musicale\u00a0<em><strong>&#8220;Acquario musicale&#8221;<\/strong><\/em>. Gli ospiti saranno i\u00a0<strong>musicisti<\/strong>\u00a0<strong>Eva Jurgec e Uro\u0161 Jezdi\u0107<\/strong>, residenti della Casa Alojz Kocjan\u010di\u010d di Covedo. L&#8217;incontro sar\u00e0 moderato da Martin Mikoli\u010d.<\/span><\/p>\n<p><span style=\"font-size: 14pt;\"><strong>Gioved\u00ec 18 dicembre, alle 11:00<\/strong>, i membri del club di lettura\u00a0<em><strong>&#8220;Chiacchierata romantica&#8221;<\/strong><\/em>, guidato da Vanja Ro\u017eac e Andreja Franca, si incontreranno presso la Civica Sala di Lettura. Discorreranno del libro &#8220;<em>Kubanska h\u010di&#8221;<\/em>\u00a0dell&#8217;autrice Soraya Lane.<\/span><\/p>\n<p><span style=\"font-size: 14pt;\"><strong>Luned\u00ec 22 dicembre, alle ore 11:00<\/strong>, inaugureremo la\u00a0<strong>mostra dei membri del gruppo fotografico\u00a0<\/strong>dell&#8217;associazione Dru\u0161tvo Morje presso l&#8217;Universit\u00e0 per la Terza Et\u00e0 di Isola, intitolata\u00a0<em><strong>&#8220;I volti dell&#8217;impegno&#8221;<\/strong><\/em>. Alla mostra saranno presenti lavori di Gabrijela Dolin\u0161ek, Edi Glavina, Neda Kranjec, Vanja Luke\u017ei\u010d, Bojana Pe\u010dar Bole e Diana Sim\u010di\u010d.<\/span><\/p>\n<p><span style=\"font-size: 14pt;\"><strong>Luned\u00ec\u00a022 dicembre, alle ore 18:00<\/strong>, presso la Civica Sala di Lettura nuovo incontro dei membri del club di lettura\u00a0<em><strong>&#8220;Moja majhna knji\u017ena polica&#8221;<\/strong><\/em>, guidato da Mia Franca.<\/span><\/p>\n<p class=\"v1last-child\" style=\"text-align: center;\"><span style=\"font-size: 14pt;\">Gentilmente invitati!<\/span><\/p>\n<\/div>\n<\/div>\n<\/div>\n<\/div>\n<\/article>\n<div class=\"fb-background-color\">\n\t\t\t  <div \n\t\t\t  \tclass = \"fb-comments\" \n\t\t\t  \tdata-href = \"https:\/\/www.kp.sik.si\/it\/2025\/12\/01\/dicembre-in-biblioteca\/\"\n\t\t\t  \tdata-numposts = \"10\"\n\t\t\t  \tdata-lazy = \"true\"\n\t\t\t\tdata-colorscheme = \"light\"\n\t\t\t\tdata-order-by = \"social\"\n\t\t\t\tdata-mobile=true>\n\t\t\t  <\/div><\/div>\n\t\t  <style>\n\t\t    .fb-background-color {\n\t\t\t\tbackground:  !important;\n\t\t\t}\n\t\t\t.fb_iframe_widget_fluid_desktop iframe {\n\t\t\t    width: 100% !important;\n\t\t\t}\n\t\t  <\/style>\n\t\t  ","protected":false},"excerpt":{"rendered":"<p>Ecco il bollettino di dicembre, con il quale vi invitiamo in biblioteca a una variet\u00e0 di eventi interessanti. Non perdete la mostra dedicata allo scrittore Rudi \u0160eligo in occasione del [&hellip;]<\/p>\n","protected":false},"author":20,"featured_media":29948,"comment_status":"closed","ping_status":"closed","sticky":false,"template":"","format":"standard","meta":{"_acf_changed":false,"footnotes":""},"categories":[37],"tags":[],"class_list":["post-29952","post","type-post","status-publish","format-standard","has-post-thumbnail","hentry","category-non-categorizzato"],"acf":[],"_links":{"self":[{"href":"https:\/\/www.kp.sik.si\/it\/wp-json\/wp\/v2\/posts\/29952","targetHints":{"allow":["GET"]}}],"collection":[{"href":"https:\/\/www.kp.sik.si\/it\/wp-json\/wp\/v2\/posts"}],"about":[{"href":"https:\/\/www.kp.sik.si\/it\/wp-json\/wp\/v2\/types\/post"}],"author":[{"embeddable":true,"href":"https:\/\/www.kp.sik.si\/it\/wp-json\/wp\/v2\/users\/20"}],"replies":[{"embeddable":true,"href":"https:\/\/www.kp.sik.si\/it\/wp-json\/wp\/v2\/comments?post=29952"}],"version-history":[{"count":3,"href":"https:\/\/www.kp.sik.si\/it\/wp-json\/wp\/v2\/posts\/29952\/revisions"}],"predecessor-version":[{"id":29976,"href":"https:\/\/www.kp.sik.si\/it\/wp-json\/wp\/v2\/posts\/29952\/revisions\/29976"}],"wp:featuredmedia":[{"embeddable":true,"href":"https:\/\/www.kp.sik.si\/it\/wp-json\/wp\/v2\/media\/29948"}],"wp:attachment":[{"href":"https:\/\/www.kp.sik.si\/it\/wp-json\/wp\/v2\/media?parent=29952"}],"wp:term":[{"taxonomy":"category","embeddable":true,"href":"https:\/\/www.kp.sik.si\/it\/wp-json\/wp\/v2\/categories?post=29952"},{"taxonomy":"post_tag","embeddable":true,"href":"https:\/\/www.kp.sik.si\/it\/wp-json\/wp\/v2\/tags?post=29952"}],"curies":[{"name":"wp","href":"https:\/\/api.w.org\/{rel}","templated":true}]}}