{"id":5704,"date":"2020-10-23T18:52:39","date_gmt":"2020-10-23T16:52:39","guid":{"rendered":"https:\/\/www.kp.sik.si\/?p=5704"},"modified":"2020-10-23T18:53:03","modified_gmt":"2020-10-23T16:53:03","slug":"epidemia-con-la-prossima-settimana-la-biblioteca-srecko-vilhar-di-capodistria-adottera-lorario-estivo","status":"publish","type":"post","link":"https:\/\/www.kp.sik.si\/it\/2020\/10\/23\/epidemia-con-la-prossima-settimana-la-biblioteca-srecko-vilhar-di-capodistria-adottera-lorario-estivo\/","title":{"rendered":"EPIDEMIA: con la prossima settimana la Biblioteca Sre\u010dko Vilhar di Capodistria adotter\u00e0\u00a0 l&#8217;orario estivo"},"content":{"rendered":"<p><strong>Vista la dichiarazione sull&#8217;epidemia, tutti i reparti della Biblioteca centrale di Sre\u010dko Vilhar continueranno ad operare secondo le linee guida dettate dall&#8217;Associazione delle biblioteche pubbliche stabilite in base alle raccomandazioni dall&#8217;Istituto per la salute pubblica e dal Ministero della cultura. Domani, 24 ottobre la biblioteca rimmarr\u00e0 chiusa e l&#8217;orario sar\u00e0 soggetto a cambiamenti. Ci\u00f2 significa che con luned\u00ec 26 ottobre verr\u00e0 adottato l&#8217;orario estivo. L&#8217;apertura della biblioteca sar\u00e0 garantita in conformit\u00e0 alle misure governative al fine di frenare la diffusione del contagio da coronavirus Covid-19 e sempre tenendo conto di tutte le raccomandazioni stabilite dall&#8217;Istituto nazionale per la sanit\u00e0 pubblica e da altri enti competenti in materia.<\/strong><\/p>\n<p>Non sar\u00e0 pi\u00f9 possibile accedere ai materiali librari nella biblioteca. Il materiale potr\u00e0 \u00a0essere preso in prestito su prenotazione e su appuntamento. Consigliamo di prenotare il materiale<\/p>\n<p><strong>Prenotazione del materiale librario<\/strong><\/p>\n<p>Si accettano prenotazioni durante l&#8217;orario di apertura contattando telefonicamente i singoli reparti, reperibili sul nostro sito kp.sik.si o tramite il servizio online COBISS My Library, attivo 24 ore su 24. Dopo aver completato la prenotazione, verr\u00e0 inoltrato un messaggio \u00a0che avviser\u00e0 l&#8217;utente sulla disponibilit\u00e0 del ritiro del materiale in biblioteca. \u00c8 possibile prenotare il materiale librario direttamente in biblioteca, consigliamo sempre di prenotare con anticipo per evitare inutili soste negli spazi dedicati.<\/p>\n<p>Si prega di accedere SINGOLARMENTE ai reparti della biblioteca, mantenere la distanza di sicurezza prescritta di 2 METRI e seguire le istruzioni dei dipendenti.<\/p>\n<p><strong>Prestito di materiale bibliotecario con consegna a domicilio: un servizio speciale per le categorie a rischio<\/strong><\/p>\n<p>Dalla prossima prossima settimana sar\u00e0 introdotto il prestito di materiale bibliotecario con consegna a domicilio. Il servizio \u00e8 gratuito, viene erogato nell&#8217;area dei comuni di Ancarano e Capodistria, ovvero per i cittadini che non possono accedere alla biblioteca per motivi di salute o altro. Ogni residente pu\u00f2 ordinare fino a 3 libri al mese. Si accetano prenotazioni tutti i giorni feriali al numero telefonico 05 6632605.<\/p>\n<p><strong>Orario della biblioteca durante le misure di emergenza:<\/strong><\/p>\n<ul>\n<li><strong>Dipartimento per adulti, Dipartimento per giovani lettori e Biblioteca di Ancarano<\/strong><\/li>\n<\/ul>\n<p>Dal luned\u00ec al marted\u00ec: dalle 13:00 alle 19:00<\/p>\n<p>Mercoled\u00ec &#8211; venerd\u00ec: dalle 09:00 alle 15:00<\/p>\n<p>Sabato: chiuso<\/p>\n<ul>\n<li><strong>Dipartimento di Storia e Patria<\/strong><\/li>\n<\/ul>\n<p>Luned\u00ec &#8211; venerd\u00ec: 9.00 &#8211; 14.00 (visita su appuntamento tel .: 05 66 32 613)<\/p>\n<p>Sabato: chiuso<\/p>\n<ul>\n<li><strong>Succursale di Monte Marco<\/strong><\/li>\n<\/ul>\n<p>Dal luned\u00ec al venerd\u00ec: dalle 09:00 alle 14:00<\/p>\n<p>Sabato: chiuso<\/p>\n<ul>\n<li><strong>Succursale Semedella<\/strong><\/li>\n<\/ul>\n<p>Dal luned\u00ec al marted\u00ec: dalle 11:00 alle 14:00<\/p>\n<p>Mercoled\u00ec: dalle 12:00 alle 15:00<\/p>\n<p>Gioved\u00ec: dalle 16:00 alle 19:00<\/p>\n<p>Venerd\u00ec: dalle 07:00 alle 10:00<\/p>\n<p>Sabato: chiuso<\/p>\n<p>Fino all&#8217;introduzione di nuove modifiche<strong>, sono valide tutte le misure finora adottate in biblioteca<\/strong>: obbligo di indossare una maschera protettiva, distanziamento interpersonale obbligatorio, obbligo dell&#8217;utilizzo del gel disinfettante, utilizzo dei dispositivi contactless. Nonostante la situazione attuale, faremo del nostro meglio e <strong>forniremo alternative culturali attraverso le nostre piattaforme online<\/strong>. Fino a nuovo avviso, a causa delle misure restrittive adottate, \u00a0gli eventi in programma, gli eventi per bambini e le conferenze saranno disponidili sul nostro sito web <strong>kp.sik.si o sulla pagina Facebook<\/strong>. Sar\u00e0 premura della Biblioteca informare gli utenti sulle modalit\u00e0 di \u00a0accesso virtuale alla piattaforma<\/p>\n<p>&nbsp;<\/p>\n<p>Grazie per la vostra comprensione e vi auguriamo piacevoli letture<\/p>\n<div class=\"fb-background-color\">\n\t\t\t  <div \n\t\t\t  \tclass = \"fb-comments\" \n\t\t\t  \tdata-href = \"https:\/\/www.kp.sik.si\/it\/2020\/10\/23\/epidemia-con-la-prossima-settimana-la-biblioteca-srecko-vilhar-di-capodistria-adottera-lorario-estivo\/\"\n\t\t\t  \tdata-numposts = \"10\"\n\t\t\t  \tdata-lazy = \"true\"\n\t\t\t\tdata-colorscheme = \"light\"\n\t\t\t\tdata-order-by = \"social\"\n\t\t\t\tdata-mobile=true>\n\t\t\t  <\/div><\/div>\n\t\t  <style>\n\t\t    .fb-background-color {\n\t\t\t\tbackground:  !important;\n\t\t\t}\n\t\t\t.fb_iframe_widget_fluid_desktop iframe {\n\t\t\t    width: 100% !important;\n\t\t\t}\n\t\t  <\/style>\n\t\t  ","protected":false},"excerpt":{"rendered":"<p>Vista la dichiarazione sull&#8217;epidemia, tutti i reparti della Biblioteca centrale di Sre\u010dko Vilhar continueranno ad operare secondo le linee guida dettate dall&#8217;Associazione delle biblioteche pubbliche stabilite in base alle raccomandazioni [&hellip;]<\/p>\n","protected":false},"author":7,"featured_media":3485,"comment_status":"open","ping_status":"open","sticky":false,"template":"","format":"standard","meta":{"_acf_changed":false,"footnotes":""},"categories":[49],"tags":[],"class_list":["post-5704","post","type-post","status-publish","format-standard","has-post-thumbnail","hentry","category-informazioni-generali"],"acf":[],"_links":{"self":[{"href":"https:\/\/www.kp.sik.si\/it\/wp-json\/wp\/v2\/posts\/5704","targetHints":{"allow":["GET"]}}],"collection":[{"href":"https:\/\/www.kp.sik.si\/it\/wp-json\/wp\/v2\/posts"}],"about":[{"href":"https:\/\/www.kp.sik.si\/it\/wp-json\/wp\/v2\/types\/post"}],"author":[{"embeddable":true,"href":"https:\/\/www.kp.sik.si\/it\/wp-json\/wp\/v2\/users\/7"}],"replies":[{"embeddable":true,"href":"https:\/\/www.kp.sik.si\/it\/wp-json\/wp\/v2\/comments?post=5704"}],"version-history":[{"count":2,"href":"https:\/\/www.kp.sik.si\/it\/wp-json\/wp\/v2\/posts\/5704\/revisions"}],"predecessor-version":[{"id":5708,"href":"https:\/\/www.kp.sik.si\/it\/wp-json\/wp\/v2\/posts\/5704\/revisions\/5708"}],"wp:featuredmedia":[{"embeddable":true,"href":"https:\/\/www.kp.sik.si\/it\/wp-json\/wp\/v2\/media\/3485"}],"wp:attachment":[{"href":"https:\/\/www.kp.sik.si\/it\/wp-json\/wp\/v2\/media?parent=5704"}],"wp:term":[{"taxonomy":"category","embeddable":true,"href":"https:\/\/www.kp.sik.si\/it\/wp-json\/wp\/v2\/categories?post=5704"},{"taxonomy":"post_tag","embeddable":true,"href":"https:\/\/www.kp.sik.si\/it\/wp-json\/wp\/v2\/tags?post=5704"}],"curies":[{"name":"wp","href":"https:\/\/api.w.org\/{rel}","templated":true}]}}