{"id":6617,"date":"2021-01-20T11:33:45","date_gmt":"2021-01-20T10:33:45","guid":{"rendered":"https:\/\/www.kp.sik.si\/?p=6617"},"modified":"2021-01-21T08:50:39","modified_gmt":"2021-01-21T07:50:39","slug":"concorso-sul-sentiero-della-creativita-i-giovani-scrivono","status":"publish","type":"post","link":"https:\/\/www.kp.sik.si\/it\/2021\/01\/20\/concorso-sul-sentiero-della-creativita-i-giovani-scrivono\/","title":{"rendered":"VIDEO: Concorso \u00a0Sul sentiero della creativit\u00e0 \u2013 i giovani scrivono"},"content":{"rendered":"<p><strong>Per festeggiare i settant\u2019anni della Biblioteca di Capodistria, partiamo con un progetto completamente nuovo, un concorso rivolto ai giovani intitolato, <em>Sul sentiero della creativit\u00e0 \u2013 i giovani scrivono<\/em>. Il nome \u00e8 stato scelto con una votazione effettuata sui social media della Biblioteca di Capodistria.<\/strong><\/p>\n<p>Al progetto hanno aderito l&#8217;Associazione culturale Gaibla, la Facolt\u00e0 di Scienze della Formazione dell&#8217;Univerit\u00e0 del Litorale, il Ginnasio di Capodistria, la Scuola superiore tecnica di Capodistria, la Scuola media di Economia e Gestione aziendale, il Ginnasio di Nova Gorica. Il concorso avr\u00e0 inizio il 20 gennaio e durer\u00e0 fino al primo settembre. <strong>Sar\u00e0 aperto ai ragazzi di et\u00e0 compresa tra i 15 e i 25 anni.<\/strong><\/p>\n<p><img fetchpriority=\"high\" decoding=\"async\" class=\"size-full wp-image-6506 alignleft\" src=\"https:\/\/www.kp.sik.si\/wp-content\/uploads\/2021\/01\/mladi-pisejo.png\" alt=\"\" width=\"300\" height=\"250\" \/><\/p>\n<p>I racconti sul tema \u00bbIn cammino verso il futuro\u00ab, completi di dati anagrafici (nome, cognome, indirizzo, data di nascita, indirizzo e-mail e recapito telefonico &#8211; <a href=\"https:\/\/www.kp.sik.si\/wp-content\/uploads\/2021\/01\/Dichiarazione-del-trattamento-dei-dati-personali.docx\">Dichiarazione del trattamento dei dati personali<\/a>), potranno essere inviati a partire dal 20 gennaio all&#8217;indirizzo di posta elettronica <a href=\"mailto:po.poti.ustvarjalnosti@gmail.com\">po.poti.ustvarjalnosti@gmail.com<\/a>, con oggetto <strong>\u00bbZa nate\u010daj Po poti ustvarjalnosti \u2013 mladi pi\u0161ejo\u00ab. <\/strong>(\u00bbConcorso \u2013 Sul sentirero della creativit\u00e0 \u2013 i giovani scrivono\u00ab).<\/p>\n<p><strong>I racconti non dovranno superare le 10 pagine e saranno<\/strong> <strong>presi in considerazione solamente quelli inviati entro e non oltre il\u00a0 1<sup>o<\/sup> settembre.<\/strong><\/p>\n<p>In ambito al progetto l&#8217;Associazione culturale Gajbla terr\u00e0 <strong>quattro laboratori<\/strong> <strong>sulla scrittura e lettura creativa<\/strong> che si svolgeranno nelle date del <strong>2 e 3 febbraio<\/strong> e del <strong>9 e 10 febbraio<\/strong>, <strong>alle ore 17<\/strong>, in videoconferenza sulla piattaforma Zoom. Chiunque lo desideri potr\u00e0 aderire ai laboratori registrandosi all&#8217;indirizzo di posta elettronica sopra indicato.<\/p>\n<p>Coloro che aderiranno al concorso saranno suddivisi in due categorie dai 15 ai 19 anni e dai 20 ai 25 anni. <strong>I migliori racconti saranno pubblicati sul sito web della biblioteca<\/strong>, e i vincitori potranno presentare le loro storie al pubblico in una serata letteraria organizzata dalla Biblioteca di Capodistria. In pi\u00f9 per il vincitore ci sar\u00e0 una piccola sorpresa.<\/p>\n<p><strong>La giuria tecnica<\/strong> che valuter\u00e0 i racconti sar\u00e0 composta dalla critica letteraria e pubblicista nonch\u00e9 moderatrice e traduttrice letteraria Diana Punger\u0161i\u010d, dalla drammaturga, attrice e sceneggiatrice Samanta Kobal e per la biblioteca la moderatrice e gi\u00e0 giornalista Tina Sara\u017ein.<\/p>\n<p><img decoding=\"async\" class=\"aligncenter size-full wp-image-6599\" src=\"https:\/\/www.kp.sik.si\/wp-content\/uploads\/2021\/01\/pisatelj.png\" alt=\"\" width=\"961\" height=\"585\" srcset=\"https:\/\/www.kp.sik.si\/wp-content\/uploads\/2021\/01\/pisatelj.png 961w, https:\/\/www.kp.sik.si\/wp-content\/uploads\/2021\/01\/pisatelj-300x183.png 300w, https:\/\/www.kp.sik.si\/wp-content\/uploads\/2021\/01\/pisatelj-768x468.png 768w, https:\/\/www.kp.sik.si\/wp-content\/uploads\/2021\/01\/pisatelj-830x505.png 830w, https:\/\/www.kp.sik.si\/wp-content\/uploads\/2021\/01\/pisatelj-940x572.png 940w\" sizes=\"(max-width: 961px) 100vw, 961px\" \/><\/p>\n<p><em>In merito al progetto e ai laboratori cos\u00ec si \u00e8 espressa Samanta Kobal: \u00bb Sul sentiero della creativit\u00e0 \u2013 i giovani scrivono, \u00e8 un progetto che punta alla creativit\u00e0 dei giovani e sull&#8217;espressione dei loro pensieri, dei loro punti di vista, delle loro idee attraverso la scrittura. E prorpio come nulla nella vita \u00e8 precluso al mondo, cos\u00ec la scrittura \u00e8 inclusione in un&#8217;ampia variet\u00e0 di universi, espressa attraverso contenuti &#8230; diversi, nuovi, individuali, di gruppo. E proprio perch\u00e9 conosciamo e sentiamo che tutti i mondi fluiscono dentro e fuori di noi, il concorso offrir\u00e0 quattro laboratori di scrittura e lettura creativa, dove scopriremo la nostra creativit\u00e0, senza porre limiti, attraverso tecniche e metodi teatrali, narrative e di movimento. Voi giovani creatori ripercorrerete l&#8217;esperienza con la scrittura sotto forma di racconto. I laboratori di espressione creativa risveglieranno in tutti noi la \u00bbBella addormentata\u00ab e con il loro contenuto aiuteranno coloro che magari gi\u00e0 si sono risvegliat,i aiutandoli ad ampliare e arricchire aspetti immaginari per trasformare idee in una danza scintillante, in una magia di lettere che andr\u00e0 a posarsi sulla carta. Passeremo da idee assopite a una danza letteraria, con l&#8217;ausilio di vari esercizi nel campo della scrittura, della creazione, del movimento e delle tecniche narrative\u00ab.<\/em><\/p>\n<p><img decoding=\"async\" class=\"alignright wp-image-6602 size-medium\" src=\"https:\/\/www.kp.sik.si\/wp-content\/uploads\/2021\/01\/logo-z-belo-podlago-300x102.jpg\" alt=\"\" width=\"300\" height=\"102\" srcset=\"https:\/\/www.kp.sik.si\/wp-content\/uploads\/2021\/01\/logo-z-belo-podlago-300x102.jpg 300w, https:\/\/www.kp.sik.si\/wp-content\/uploads\/2021\/01\/logo-z-belo-podlago-768x261.jpg 768w, https:\/\/www.kp.sik.si\/wp-content\/uploads\/2021\/01\/logo-z-belo-podlago-830x282.jpg 830w, https:\/\/www.kp.sik.si\/wp-content\/uploads\/2021\/01\/logo-z-belo-podlago-940x319.jpg 940w, https:\/\/www.kp.sik.si\/wp-content\/uploads\/2021\/01\/logo-z-belo-podlago.jpg 967w\" sizes=\"(max-width: 300px) 100vw, 300px\" \/><\/p>\n<p>Il concorso Sul sentiero della Creativit\u00e0 \u2013 i giovani scrivono e la serie di eventi in occasione della celebrazione del settantesimo anniversatio, ha avuto inizio il <strong>20 gennaio alle ore 17, in Biblioteca, con una conversazione con <\/strong><strong>Goran Vojnovi\u0107. All&#8217;incontro si sono uniti gli studenti del Ginnasio di Capodistria, , la <\/strong><strong>Scuola superiore tecnica di Capodistria<\/strong><strong>, <\/strong><strong>la Scuola media di Economia e Gestione aziendale, il Ginnasio di Nova Gorica<\/strong>, che sotto la guida dei professori Jelica Mara\u017e, Alen Mesari\u0107, Adrijane Kocjan\u010di\u010d, Andrejka \u0160u\u0161melj e Mojca Butinar Mu\u017eina hanno rivolto interessanti domande all&#8217;ospite. Ultimo, ma non meno importante, in questi giorni stanno affontando la lettura del libro <em>Figa<\/em>, quale materia d&#8217;esame alla Maturit\u00e0.<\/p>\n<p><iframe src=\"https:\/\/www.youtube.com\/embed\/arwLwBsQNMc\" width=\"560\" height=\"315\" frameborder=\"0\" allowfullscreen=\"allowfullscreen\"><\/iframe><\/p>\n<div id='gallery-1' class='gallery galleryid-6617 gallery-columns-5 gallery-size-thumbnail'><figure class='gallery-item'>\n\t\t\t<div class='gallery-icon landscape'>\n\t\t\t\t<a href='https:\/\/www.kp.sik.si\/it\/2021\/01\/20\/concorso-sul-sentiero-della-creativita-i-giovani-scrivono\/gajbla-2\/'><img loading=\"lazy\" decoding=\"async\" width=\"150\" height=\"150\" src=\"https:\/\/www.kp.sik.si\/wp-content\/uploads\/2021\/01\/gajbla-150x150.jpg\" class=\"attachment-thumbnail size-thumbnail\" alt=\"\" srcset=\"https:\/\/www.kp.sik.si\/wp-content\/uploads\/2021\/01\/gajbla-150x150.jpg 150w, https:\/\/www.kp.sik.si\/wp-content\/uploads\/2021\/01\/gajbla.jpg 250w\" sizes=\"(max-width: 150px) 100vw, 150px\" \/><\/a>\n\t\t\t<\/div><\/figure><figure class='gallery-item'>\n\t\t\t<div class='gallery-icon landscape'>\n\t\t\t\t<a href='https:\/\/www.kp.sik.si\/it\/2021\/01\/20\/concorso-sul-sentiero-della-creativita-i-giovani-scrivono\/gimnazija-koper-2\/'><img loading=\"lazy\" decoding=\"async\" width=\"150\" height=\"150\" src=\"https:\/\/www.kp.sik.si\/wp-content\/uploads\/2021\/01\/Gimnazija-Koper-150x150.png\" class=\"attachment-thumbnail size-thumbnail\" alt=\"\" \/><\/a>\n\t\t\t<\/div><\/figure><figure class='gallery-item'>\n\t\t\t<div class='gallery-icon landscape'>\n\t\t\t\t<a href='https:\/\/www.kp.sik.si\/it\/2021\/01\/20\/concorso-sul-sentiero-della-creativita-i-giovani-scrivono\/pedagoska-fakulteta-pef-koper-2\/'><img loading=\"lazy\" decoding=\"async\" width=\"150\" height=\"150\" src=\"https:\/\/www.kp.sik.si\/wp-content\/uploads\/2021\/01\/pedagoska-fakulteta-pef-koper-150x150.jpg\" class=\"attachment-thumbnail size-thumbnail\" alt=\"\" srcset=\"https:\/\/www.kp.sik.si\/wp-content\/uploads\/2021\/01\/pedagoska-fakulteta-pef-koper-150x150.jpg 150w, https:\/\/www.kp.sik.si\/wp-content\/uploads\/2021\/01\/pedagoska-fakulteta-pef-koper.jpg 250w\" sizes=\"(max-width: 150px) 100vw, 150px\" \/><\/a>\n\t\t\t<\/div><\/figure><figure class='gallery-item'>\n\t\t\t<div class='gallery-icon landscape'>\n\t\t\t\t<a href='https:\/\/www.kp.sik.si\/it\/2021\/01\/20\/concorso-sul-sentiero-della-creativita-i-giovani-scrivono\/sts-2\/'><img loading=\"lazy\" decoding=\"async\" width=\"150\" height=\"150\" src=\"https:\/\/www.kp.sik.si\/wp-content\/uploads\/2021\/01\/sts-150x150.png\" class=\"attachment-thumbnail size-thumbnail\" alt=\"\" \/><\/a>\n\t\t\t<\/div><\/figure><figure class='gallery-item'>\n\t\t\t<div class='gallery-icon portrait'>\n\t\t\t\t<a href='https:\/\/www.kp.sik.si\/it\/2021\/01\/20\/concorso-sul-sentiero-della-creativita-i-giovani-scrivono\/gimnazija-nova-gorica_logo-png-2\/'><img loading=\"lazy\" decoding=\"async\" width=\"150\" height=\"150\" src=\"https:\/\/www.kp.sik.si\/wp-content\/uploads\/2021\/01\/Gimnazija-Nova-Gorica_logo.png-150x150.png\" class=\"attachment-thumbnail size-thumbnail\" alt=\"\" \/><\/a>\n\t\t\t<\/div><\/figure>\n\t\t<\/div>\n\n<div class=\"fb-background-color\">\n\t\t\t  <div \n\t\t\t  \tclass = \"fb-comments\" \n\t\t\t  \tdata-href = \"https:\/\/www.kp.sik.si\/it\/2021\/01\/20\/concorso-sul-sentiero-della-creativita-i-giovani-scrivono\/\"\n\t\t\t  \tdata-numposts = \"10\"\n\t\t\t  \tdata-lazy = \"true\"\n\t\t\t\tdata-colorscheme = \"light\"\n\t\t\t\tdata-order-by = \"social\"\n\t\t\t\tdata-mobile=true>\n\t\t\t  <\/div><\/div>\n\t\t  <style>\n\t\t    .fb-background-color {\n\t\t\t\tbackground:  !important;\n\t\t\t}\n\t\t\t.fb_iframe_widget_fluid_desktop iframe {\n\t\t\t    width: 100% !important;\n\t\t\t}\n\t\t  <\/style>\n\t\t  ","protected":false},"excerpt":{"rendered":"<p>Per festeggiare i settant\u2019anni della Biblioteca di Capodistria, partiamo con un progetto completamente nuovo, un concorso rivolto ai giovani intitolato, Sul sentiero della creativit\u00e0 \u2013 i giovani scrivono. Il nome [&hellip;]<\/p>\n","protected":false},"author":7,"featured_media":7744,"comment_status":"open","ping_status":"open","sticky":false,"template":"","format":"standard","meta":{"_acf_changed":false,"footnotes":""},"categories":[49],"tags":[],"class_list":["post-6617","post","type-post","status-publish","format-standard","has-post-thumbnail","hentry","category-informazioni-generali"],"acf":[],"_links":{"self":[{"href":"https:\/\/www.kp.sik.si\/it\/wp-json\/wp\/v2\/posts\/6617","targetHints":{"allow":["GET"]}}],"collection":[{"href":"https:\/\/www.kp.sik.si\/it\/wp-json\/wp\/v2\/posts"}],"about":[{"href":"https:\/\/www.kp.sik.si\/it\/wp-json\/wp\/v2\/types\/post"}],"author":[{"embeddable":true,"href":"https:\/\/www.kp.sik.si\/it\/wp-json\/wp\/v2\/users\/7"}],"replies":[{"embeddable":true,"href":"https:\/\/www.kp.sik.si\/it\/wp-json\/wp\/v2\/comments?post=6617"}],"version-history":[{"count":6,"href":"https:\/\/www.kp.sik.si\/it\/wp-json\/wp\/v2\/posts\/6617\/revisions"}],"predecessor-version":[{"id":6637,"href":"https:\/\/www.kp.sik.si\/it\/wp-json\/wp\/v2\/posts\/6617\/revisions\/6637"}],"wp:featuredmedia":[{"embeddable":true,"href":"https:\/\/www.kp.sik.si\/it\/wp-json\/wp\/v2\/media\/7744"}],"wp:attachment":[{"href":"https:\/\/www.kp.sik.si\/it\/wp-json\/wp\/v2\/media?parent=6617"}],"wp:term":[{"taxonomy":"category","embeddable":true,"href":"https:\/\/www.kp.sik.si\/it\/wp-json\/wp\/v2\/categories?post=6617"},{"taxonomy":"post_tag","embeddable":true,"href":"https:\/\/www.kp.sik.si\/it\/wp-json\/wp\/v2\/tags?post=6617"}],"curies":[{"name":"wp","href":"https:\/\/api.w.org\/{rel}","templated":true}]}}