{"id":6710,"date":"2021-01-25T12:27:48","date_gmt":"2021-01-25T11:27:48","guid":{"rendered":"https:\/\/www.kp.sik.si\/?p=6710"},"modified":"2021-01-25T12:27:48","modified_gmt":"2021-01-25T11:27:48","slug":"celebrazioni-culturali-mostra-virtuale-stari-krajepisi-kopra-antiche-descrizioni-di-capodistria-e-incontro-virtuale-con-vesna-mikolic","status":"publish","type":"post","link":"https:\/\/www.kp.sik.si\/it\/2021\/01\/25\/celebrazioni-culturali-mostra-virtuale-stari-krajepisi-kopra-antiche-descrizioni-di-capodistria-e-incontro-virtuale-con-vesna-mikolic\/","title":{"rendered":"Celebrazioni culturali: Mostra virtuale Stari krajepisi Kopra &#8211; Antiche descrizioni di Capodistria e incontro virtuale con Vesna Mikoli\u010d"},"content":{"rendered":"<p><strong>Nel 70\u00b0 anniversario della fondazione della Biblioteca di Capodistria e del 30 \u00b0 anniversario della statualit\u00e0 della Repubblica di Slovenia, la Biblioteca centrale Sre\u010dko Vilhar sta allestendo la mostra Stari krajepisi kopra &#8211; Antiche descrizioni di Capodistria, che segner\u00e0 anche la ricorrenza della giornata della cultura (8 febbraio). Nel giorno in cui si celebra l&#8217;anniversario della morte del pi\u00f9 grande poeta sloveno France Pre\u0161eren, la biblioteca di Capodistria ospiter\u00e0 anche la professoressa di lingua slovena e italiana, consulente scientifico nel campo della linguistica, saggista e pubblicista Vesna Mikoli\u010d.<\/strong><\/p>\n<p><strong>Mostra Stari krajepisi Kopra &#8211; Descrizioni antiche di Capodistria<\/strong><\/p>\n<p><img fetchpriority=\"high\" decoding=\"async\" class=\"aligncenter size-full wp-image-6658\" src=\"https:\/\/www.kp.sik.si\/wp-content\/uploads\/2021\/01\/Untitled-design.png\" alt=\"\" width=\"336\" height=\"280\" srcset=\"https:\/\/www.kp.sik.si\/wp-content\/uploads\/2021\/01\/Untitled-design.png 336w, https:\/\/www.kp.sik.si\/wp-content\/uploads\/2021\/01\/Untitled-design-300x250.png 300w\" sizes=\"(max-width: 336px) 100vw, 336px\" \/><\/p>\n<p style=\"text-align: center;\"><strong>Della citt\u00e0 di Giustino &amp; di Pallade<\/strong><\/p>\n<p style=\"text-align: center;\">Sono Capo d&#8217;Istria soggetta al veneto leone,<\/p>\n<p style=\"text-align: center;\">sebbene fui citt\u00e0 tua Giustino e di Pallade.<\/p>\n<p style=\"text-align: center;\">Dessa gloriosa in battaglia e giovanile in pace,<\/p>\n<p style=\"text-align: center;\">desso ebbi l&#8217;impero, che ora \u00e8 mancato.<\/p>\n<p style=\"text-align: center;\">Colui che pi\u00f9 stima italiche e greche citt\u00e0,<\/p>\n<p style=\"text-align: center;\">sappia che pure io fui edificata da re e dei.<\/p>\n<p style=\"text-align: center;\"><em>(Statuta Justinopolis metropolis Istrae, Venetiis, 1668, traduzione: Peter \u0160toka)<\/em><\/p>\n<p>La mostra, realizzata in seno alla biblioteca, dal responsabile del Dipartimento di storia locale e patrimonio librario Peter \u0160toka, si svolger\u00e0 virtualmente sulle piattaforme online e <strong>sul sito web della biblioteca dal 1 \u00b0 al 14 febbraio.<\/strong> Per la prima volta, sar\u00e0 esposto l&#8217;epigramma, scritto da Antonio Bruni, nello Statuto di Capodistria, capitale dell&#8217;Istria, risalente al 1668, e molti altri contenuti di pregio qui conservati.<\/p>\n<p><strong>Elenco di materiali esposti:<\/strong> Blond (1553; acquisto 2020); Alberti (1553; acquisto 2020), Manzuoli (1611); Ughelli (1653); Statuto di Capodistria &#8211; Epigramma del Bruni (1668); Coronelli (1697); Naldini (1700); Carli (1743). Vengono esposti anche materiali non conservati fisicamente: Vergerio, Coppo, Bonifacio, Petronio.<\/p>\n<p><img decoding=\"async\" class=\"aligncenter size-large wp-image-6708\" src=\"https:\/\/www.kp.sik.si\/wp-content\/uploads\/2021\/01\/domoznanski-oddelek-1024x498.jpg\" alt=\"\" width=\"730\" height=\"355\" srcset=\"https:\/\/www.kp.sik.si\/wp-content\/uploads\/2021\/01\/domoznanski-oddelek-1024x498.jpg 1024w, https:\/\/www.kp.sik.si\/wp-content\/uploads\/2021\/01\/domoznanski-oddelek-300x146.jpg 300w, https:\/\/www.kp.sik.si\/wp-content\/uploads\/2021\/01\/domoznanski-oddelek-768x373.jpg 768w, https:\/\/www.kp.sik.si\/wp-content\/uploads\/2021\/01\/domoznanski-oddelek-1536x747.jpg 1536w, https:\/\/www.kp.sik.si\/wp-content\/uploads\/2021\/01\/domoznanski-oddelek-830x403.jpg 830w, https:\/\/www.kp.sik.si\/wp-content\/uploads\/2021\/01\/domoznanski-oddelek-940x457.jpg 940w, https:\/\/www.kp.sik.si\/wp-content\/uploads\/2021\/01\/domoznanski-oddelek.jpg 2016w\" sizes=\"(max-width: 730px) 100vw, 730px\" \/><\/p>\n<p>La Biblioteca di Capodistria completa la sua collezione con acquisti regolari di libri antichi, in particolare opere di umanisti di Capodistria e quelle fondamentali per la storia della citt\u00e0, nell&#8217;ambito del progetto decennale Memoria patria, sostenuto finanziariamente dal Comune Citt\u00e0 di Capodistria. Gli &#8220;Antichi Paesaggi di Capodistria&#8221; riassumono e delineano la missione e lo scopo fondamentale della biblioteca, che conserva, raccoglie e protegge la memoria del libro nel luogo della sua nascita. Si tratta di una selezione di libri di maggior rilievo, che mostreremo e presenteremo assieme a molte altre\u00a0 antiche descrizioni della citt\u00e0 di Capodistria.<\/p>\n<p><strong>Presentazione della monografia sull\u2019 espressione della potenza della lingua slovena<\/strong><\/p>\n<p>Luned\u00ec <strong>8 febbraio, alle ore 18,<\/strong> la Biblioteca centrale Sre\u010dko Vilhar Capodistria ospiter\u00e0 virtualmete la professoressa di lingua slovena e italiana, consulente scientifica nel campo della linguistica, saggista e pubblicista <strong>Vesna Mikoli\u010d,<\/strong> che presenter\u00e0 la <strong>sua monografia sull\u2019 espressione della potenza della lingua slovena.<\/strong><\/p>\n<p><img decoding=\"async\" class=\"aligncenter size-large wp-image-6702\" src=\"https:\/\/www.kp.sik.si\/wp-content\/uploads\/2021\/01\/142785968_410829640147854_6590283137138152151_n-767x1024.jpg\" alt=\"\" width=\"730\" height=\"975\" srcset=\"https:\/\/www.kp.sik.si\/wp-content\/uploads\/2021\/01\/142785968_410829640147854_6590283137138152151_n-767x1024.jpg 767w, https:\/\/www.kp.sik.si\/wp-content\/uploads\/2021\/01\/142785968_410829640147854_6590283137138152151_n-225x300.jpg 225w, https:\/\/www.kp.sik.si\/wp-content\/uploads\/2021\/01\/142785968_410829640147854_6590283137138152151_n-768x1025.jpg 768w, https:\/\/www.kp.sik.si\/wp-content\/uploads\/2021\/01\/142785968_410829640147854_6590283137138152151_n-1151x1536.jpg 1151w, https:\/\/www.kp.sik.si\/wp-content\/uploads\/2021\/01\/142785968_410829640147854_6590283137138152151_n-830x1108.jpg 830w, https:\/\/www.kp.sik.si\/wp-content\/uploads\/2021\/01\/142785968_410829640147854_6590283137138152151_n-940x1254.jpg 940w, https:\/\/www.kp.sik.si\/wp-content\/uploads\/2021\/01\/142785968_410829640147854_6590283137138152151_n.jpg 1468w\" sizes=\"(max-width: 730px) 100vw, 730px\" \/><\/p>\n<p>Come esposto nella monografia, Vesna ricerca lingua e cultura, identit\u00e0 etnica, educazione interculturale, comunicazione non violenta, semantica, terminologia, lingua nella scienza, turismo e letteratura. \u00c8 autrice di circa 500 articoli scientifici, monografie e altre bibliografie di case editrici nazionali e internazionali. Ha gi\u00e0 ricevuto il premio Pre\u0161eren e diversi premi per l&#8217;eccellenza scientifica del suo lavoro.<\/p>\n<p><strong>\u00bbLa monografia sull\u2019espressione della potenza della lingua slovena<\/strong> \u00e8 la prima raccolta di libri &#8221; Dimensioni della Slovenia&#8221; degli Annales ZRS Koper e Slovenske matice, e rappresenta anche la prima trattazione completa, innovativa e interdisciplinare del potere della lingua slovena in relazione all&#8217;intensit\u00e0 della stessa. Questa \u00e8 istituita come categoria linguistico-pragmatica con una descrizione grammaticale e lessicale dei suoi mezzi linguistici. Il libro descrive l&#8217;intensit\u00e0 del linguaggio in vari discorsi, in particolare nella scienza, nella pubblicit\u00e0 e nella politica, cos\u00ec come nella narrativa e nella letteratura tradotta, dove sono particolarmente importanti i mezzi per aumentare il potere del linguaggio letterario grazie alla sua funzione espressivo-estetica. Interessanti anche i confronti interculturali dei termini di intensit\u00e0 in sloveno, croato, italiano e inglese. L&#8217;ultima parte della monografia si occupa dell&#8217;importante relazione tra l&#8217;intensit\u00e0 del linguaggio e l&#8217;incitamento all&#8217;odio e alla violenza\u00ab, hanno dichiarato sul sito ZRS di Capodistria.<\/p>\n<p>Biblioteca centrale Sre\u010dko Vilhar Capodistria<\/p>\n<p>&nbsp;<\/p>\n<div class=\"fb-background-color\">\n\t\t\t  <div \n\t\t\t  \tclass = \"fb-comments\" \n\t\t\t  \tdata-href = \"https:\/\/www.kp.sik.si\/it\/2021\/01\/25\/celebrazioni-culturali-mostra-virtuale-stari-krajepisi-kopra-antiche-descrizioni-di-capodistria-e-incontro-virtuale-con-vesna-mikolic\/\"\n\t\t\t  \tdata-numposts = \"10\"\n\t\t\t  \tdata-lazy = \"true\"\n\t\t\t\tdata-colorscheme = \"light\"\n\t\t\t\tdata-order-by = \"social\"\n\t\t\t\tdata-mobile=true>\n\t\t\t  <\/div><\/div>\n\t\t  <style>\n\t\t    .fb-background-color {\n\t\t\t\tbackground:  !important;\n\t\t\t}\n\t\t\t.fb_iframe_widget_fluid_desktop iframe {\n\t\t\t    width: 100% !important;\n\t\t\t}\n\t\t  <\/style>\n\t\t  ","protected":false},"excerpt":{"rendered":"<p>Nel 70\u00b0 anniversario della fondazione della Biblioteca di Capodistria e del 30 \u00b0 anniversario della statualit\u00e0 della Repubblica di Slovenia, la Biblioteca centrale Sre\u010dko Vilhar sta allestendo la mostra Stari [&hellip;]<\/p>\n","protected":false},"author":7,"featured_media":6705,"comment_status":"open","ping_status":"open","sticky":false,"template":"","format":"standard","meta":{"_acf_changed":false,"footnotes":""},"categories":[37],"tags":[],"class_list":["post-6710","post","type-post","status-publish","format-standard","has-post-thumbnail","hentry","category-non-categorizzato"],"acf":[],"_links":{"self":[{"href":"https:\/\/www.kp.sik.si\/it\/wp-json\/wp\/v2\/posts\/6710","targetHints":{"allow":["GET"]}}],"collection":[{"href":"https:\/\/www.kp.sik.si\/it\/wp-json\/wp\/v2\/posts"}],"about":[{"href":"https:\/\/www.kp.sik.si\/it\/wp-json\/wp\/v2\/types\/post"}],"author":[{"embeddable":true,"href":"https:\/\/www.kp.sik.si\/it\/wp-json\/wp\/v2\/users\/7"}],"replies":[{"embeddable":true,"href":"https:\/\/www.kp.sik.si\/it\/wp-json\/wp\/v2\/comments?post=6710"}],"version-history":[{"count":1,"href":"https:\/\/www.kp.sik.si\/it\/wp-json\/wp\/v2\/posts\/6710\/revisions"}],"predecessor-version":[{"id":6711,"href":"https:\/\/www.kp.sik.si\/it\/wp-json\/wp\/v2\/posts\/6710\/revisions\/6711"}],"wp:featuredmedia":[{"embeddable":true,"href":"https:\/\/www.kp.sik.si\/it\/wp-json\/wp\/v2\/media\/6705"}],"wp:attachment":[{"href":"https:\/\/www.kp.sik.si\/it\/wp-json\/wp\/v2\/media?parent=6710"}],"wp:term":[{"taxonomy":"category","embeddable":true,"href":"https:\/\/www.kp.sik.si\/it\/wp-json\/wp\/v2\/categories?post=6710"},{"taxonomy":"post_tag","embeddable":true,"href":"https:\/\/www.kp.sik.si\/it\/wp-json\/wp\/v2\/tags?post=6710"}],"curies":[{"name":"wp","href":"https:\/\/api.w.org\/{rel}","templated":true}]}}