{"id":8503,"date":"2021-06-15T14:01:33","date_gmt":"2021-06-15T12:01:33","guid":{"rendered":"https:\/\/www.kp.sik.si\/?p=8503"},"modified":"2021-06-15T14:01:33","modified_gmt":"2021-06-15T12:01:33","slug":"apre-la-biblioteca-sulla-spiaggia","status":"publish","type":"post","link":"https:\/\/www.kp.sik.si\/it\/2021\/06\/15\/apre-la-biblioteca-sulla-spiaggia\/","title":{"rendered":"Apre la biblioteca sulla spiaggia"},"content":{"rendered":"<p><strong>La Biblioteca di Capodistria, la Biblioteca civica di Isola, la Biblioteca civica di Pirano e la Facolt\u00e0 di Lettere e Filosofia dell&#8217;Universit\u00e0 del Litorale quest&#8217;estate tornano sulle spiagge dei quattro\u00a0 comuni costieri di Capodistria, Isola, Pirano e Ancarano, con il singolare progetto Biblioteca in Spiaggia. I bagnanti avranno ancora una volta libri e altro materiale librario a portata di mano, va sottolineato che la biblioteca sulla spiaggia \u00e8 gratuita per tutti, non solo per gli iscritti alle biblioteche.<\/strong><\/p>\n<p>Quest&#8217;anno saranno sette le biblioteche sulla spiaggia e i lettori potranno usufruire del servizio presso gli stabilimenti balneari di Capodistria, di Giusterna, della Spiaggia Centrale di Portorose, dello stabilimento di Valdoltra ad Ancarano, della spaiggia presso la baia di San Simon e della spiaggia presso il faro di Isola. Si segnala che durante la presidenza UE di quest&#8217;anno, nell&#8217;ambito del progetto BOOK Europe Readr, sar\u00e0 collocata un&#8217;installazione artistica sulla spiaggia del Faro della citt\u00e0, grazie al sostegno del Ministero degli Affari Esteri, dell&#8217;Istituto Francese, della Facolt\u00e0 di Architettura e del Comune di Isola, oltre a tutto ci\u00f2 le biblioteche sulla spiaggia saranno foriere di altre interessanti attivit\u00e0.<\/p>\n<p>Quest&#8217;anno <strong>il Comune di Pirano <\/strong>ha deciso di aprire<strong> al pubblico la Biblioteca sulla spiaggia il 17 giugno, <\/strong>mentre negli altri comuni sar\u00e0 possibile<strong> prendere in prestito i libri tutti i giorni nei mesi di luglio e agosto, dalle 10.00 alle 18.00, presso il parco Archeologico <\/strong>della baia di San Simon anche<strong> dopo l&#8217;orario di apertura ufficiale.<\/strong><\/p>\n<p><img fetchpriority=\"high\" decoding=\"async\" class=\"aligncenter size-large wp-image-3455\" src=\"https:\/\/www.kp.sik.si\/wp-content\/uploads\/2020\/07\/knji\u017enica-na-pla\u017ei-1159-1024x768.jpg\" alt=\"\" width=\"730\" height=\"548\" srcset=\"https:\/\/www.kp.sik.si\/wp-content\/uploads\/2020\/07\/knji\u017enica-na-pla\u017ei-1159-1024x768.jpg 1024w, https:\/\/www.kp.sik.si\/wp-content\/uploads\/2020\/07\/knji\u017enica-na-pla\u017ei-1159-300x225.jpg 300w, https:\/\/www.kp.sik.si\/wp-content\/uploads\/2020\/07\/knji\u017enica-na-pla\u017ei-1159-768x576.jpg 768w, https:\/\/www.kp.sik.si\/wp-content\/uploads\/2020\/07\/knji\u017enica-na-pla\u017ei-1159-1536x1152.jpg 1536w, https:\/\/www.kp.sik.si\/wp-content\/uploads\/2020\/07\/knji\u017enica-na-pla\u017ei-1159-2048x1536.jpg 2048w, https:\/\/www.kp.sik.si\/wp-content\/uploads\/2020\/07\/knji\u017enica-na-pla\u017ei-1159-830x623.jpg 830w, https:\/\/www.kp.sik.si\/wp-content\/uploads\/2020\/07\/knji\u017enica-na-pla\u017ei-1159-940x705.jpg 940w\" sizes=\"(max-width: 730px) 100vw, 730px\" \/><\/p>\n<p>Quest&#8217;anno apre un ulteriore <strong>nuova sede, l&#8217;ottava<\/strong>, della biblioteca sulla spiaggia, a Cittanova. L&#8217;inaugurazione avr\u00e0 luogo il 1<sup>o<\/sup> luglio alle ore 11 nel Parco della Giovent\u00f9, situato accanto alla Biblioteca civica di Cittanova.<\/p>\n<p>La biblioteca sulla spiaggia \u00e8 dedicata a tutti i lettori ospiti delle spiagge e degli altri luoghi di villeggiatura nei mesi estivi che hanno non riescono ad immaginare una vacanza estiva senza una buona lettura . I libri possono essere presi in prestito in modo <strong>completamente gratuito e per un periodo di tempo indterminato<\/strong> attraverso il progetto Biblioteca sulla spiaggia e potranno essere restituiti in una qualsiasi delle biblioteche partecipanti, inclusa la spiaggia. Gli spazi sulla spaiggia in cui si trovano le biblioteche sono curati dall&#8217;Azienda Pubblica Marjetica Koper, dall&#8217;Azienda Pubblica Komunala Isola e dall&#8217;Azienda pubblica OKOLJE Pirano.<\/p>\n<p>Siamo convinti che con interessanti pubblicazioni<strong>, la Biblioteca sulla Spiaggia attirer\u00e0 ancora una volta molta attenzione da parte dei bagnanti e del pubblico.<\/strong><\/p>\n<p>&nbsp;<\/p>\n<div id='gallery-1' class='gallery galleryid-8503 gallery-columns-3 gallery-size-medium'><figure class='gallery-item'>\n\t\t\t<div class='gallery-icon landscape'>\n\t\t\t\t<a href='https:\/\/www.kp.sik.si\/it\/2021\/06\/15\/apre-la-biblioteca-sulla-spiaggia\/mki-2\/'><img decoding=\"async\" width=\"300\" height=\"223\" src=\"https:\/\/www.kp.sik.si\/wp-content\/uploads\/2021\/06\/mki-300x223.jpg\" class=\"attachment-medium size-medium\" alt=\"\" srcset=\"https:\/\/www.kp.sik.si\/wp-content\/uploads\/2021\/06\/mki-300x223.jpg 300w, https:\/\/www.kp.sik.si\/wp-content\/uploads\/2021\/06\/mki.jpg 350w\" sizes=\"(max-width: 300px) 100vw, 300px\" \/><\/a>\n\t\t\t<\/div><\/figure><figure class='gallery-item'>\n\t\t\t<div class='gallery-icon landscape'>\n\t\t\t\t<a href='https:\/\/www.kp.sik.si\/it\/2021\/06\/15\/apre-la-biblioteca-sulla-spiaggia\/logo_brez-podlage-3-2\/'><img decoding=\"async\" width=\"300\" height=\"90\" src=\"https:\/\/www.kp.sik.si\/wp-content\/uploads\/2021\/06\/LOGO_brez-podlage-300x90.png\" class=\"attachment-medium size-medium\" alt=\"\" srcset=\"https:\/\/www.kp.sik.si\/wp-content\/uploads\/2021\/06\/LOGO_brez-podlage-300x90.png 300w, https:\/\/www.kp.sik.si\/wp-content\/uploads\/2021\/06\/LOGO_brez-podlage-1024x307.png 1024w, https:\/\/www.kp.sik.si\/wp-content\/uploads\/2021\/06\/LOGO_brez-podlage-768x230.png 768w, https:\/\/www.kp.sik.si\/wp-content\/uploads\/2021\/06\/LOGO_brez-podlage-1536x460.png 1536w, https:\/\/www.kp.sik.si\/wp-content\/uploads\/2021\/06\/LOGO_brez-podlage-830x248.png 830w, https:\/\/www.kp.sik.si\/wp-content\/uploads\/2021\/06\/LOGO_brez-podlage-940x281.png 940w, https:\/\/www.kp.sik.si\/wp-content\/uploads\/2021\/06\/LOGO_brez-podlage.png 1991w\" sizes=\"(max-width: 300px) 100vw, 300px\" \/><\/a>\n\t\t\t<\/div><\/figure><figure class='gallery-item'>\n\t\t\t<div class='gallery-icon landscape'>\n\t\t\t\t<a href='https:\/\/www.kp.sik.si\/it\/2021\/06\/15\/apre-la-biblioteca-sulla-spiaggia\/logo-knj-piran-2-2\/'><img loading=\"lazy\" decoding=\"async\" width=\"300\" height=\"106\" src=\"https:\/\/www.kp.sik.si\/wp-content\/uploads\/2021\/06\/logo-knj-piran-300x106.jpg\" class=\"attachment-medium size-medium\" alt=\"\" srcset=\"https:\/\/www.kp.sik.si\/wp-content\/uploads\/2021\/06\/logo-knj-piran-300x106.jpg 300w, https:\/\/www.kp.sik.si\/wp-content\/uploads\/2021\/06\/logo-knj-piran-1024x361.jpg 1024w, https:\/\/www.kp.sik.si\/wp-content\/uploads\/2021\/06\/logo-knj-piran-768x271.jpg 768w, https:\/\/www.kp.sik.si\/wp-content\/uploads\/2021\/06\/logo-knj-piran-1536x542.jpg 1536w, https:\/\/www.kp.sik.si\/wp-content\/uploads\/2021\/06\/logo-knj-piran-830x293.jpg 830w, https:\/\/www.kp.sik.si\/wp-content\/uploads\/2021\/06\/logo-knj-piran-940x332.jpg 940w, https:\/\/www.kp.sik.si\/wp-content\/uploads\/2021\/06\/logo-knj-piran.jpg 1695w\" sizes=\"(max-width: 300px) 100vw, 300px\" \/><\/a>\n\t\t\t<\/div><\/figure>\n\t\t<\/div>\n\n<div class=\"fb-background-color\">\n\t\t\t  <div \n\t\t\t  \tclass = \"fb-comments\" \n\t\t\t  \tdata-href = \"https:\/\/www.kp.sik.si\/it\/2021\/06\/15\/apre-la-biblioteca-sulla-spiaggia\/\"\n\t\t\t  \tdata-numposts = \"10\"\n\t\t\t  \tdata-lazy = \"true\"\n\t\t\t\tdata-colorscheme = \"light\"\n\t\t\t\tdata-order-by = \"social\"\n\t\t\t\tdata-mobile=true>\n\t\t\t  <\/div><\/div>\n\t\t  <style>\n\t\t    .fb-background-color {\n\t\t\t\tbackground:  !important;\n\t\t\t}\n\t\t\t.fb_iframe_widget_fluid_desktop iframe {\n\t\t\t    width: 100% !important;\n\t\t\t}\n\t\t  <\/style>\n\t\t  ","protected":false},"excerpt":{"rendered":"<p>La Biblioteca di Capodistria, la Biblioteca civica di Isola, la Biblioteca civica di Pirano e la Facolt\u00e0 di Lettere e Filosofia dell&#8217;Universit\u00e0 del Litorale quest&#8217;estate tornano sulle spiagge dei quattro\u00a0 [&hellip;]<\/p>\n","protected":false},"author":7,"featured_media":2664,"comment_status":"open","ping_status":"open","sticky":false,"template":"","format":"standard","meta":{"_acf_changed":false,"footnotes":""},"categories":[49],"tags":[],"class_list":["post-8503","post","type-post","status-publish","format-standard","has-post-thumbnail","hentry","category-informazioni-generali"],"acf":[],"_links":{"self":[{"href":"https:\/\/www.kp.sik.si\/it\/wp-json\/wp\/v2\/posts\/8503","targetHints":{"allow":["GET"]}}],"collection":[{"href":"https:\/\/www.kp.sik.si\/it\/wp-json\/wp\/v2\/posts"}],"about":[{"href":"https:\/\/www.kp.sik.si\/it\/wp-json\/wp\/v2\/types\/post"}],"author":[{"embeddable":true,"href":"https:\/\/www.kp.sik.si\/it\/wp-json\/wp\/v2\/users\/7"}],"replies":[{"embeddable":true,"href":"https:\/\/www.kp.sik.si\/it\/wp-json\/wp\/v2\/comments?post=8503"}],"version-history":[{"count":1,"href":"https:\/\/www.kp.sik.si\/it\/wp-json\/wp\/v2\/posts\/8503\/revisions"}],"predecessor-version":[{"id":8504,"href":"https:\/\/www.kp.sik.si\/it\/wp-json\/wp\/v2\/posts\/8503\/revisions\/8504"}],"wp:featuredmedia":[{"embeddable":true,"href":"https:\/\/www.kp.sik.si\/it\/wp-json\/wp\/v2\/media\/2664"}],"wp:attachment":[{"href":"https:\/\/www.kp.sik.si\/it\/wp-json\/wp\/v2\/media?parent=8503"}],"wp:term":[{"taxonomy":"category","embeddable":true,"href":"https:\/\/www.kp.sik.si\/it\/wp-json\/wp\/v2\/categories?post=8503"},{"taxonomy":"post_tag","embeddable":true,"href":"https:\/\/www.kp.sik.si\/it\/wp-json\/wp\/v2\/tags?post=8503"}],"curies":[{"name":"wp","href":"https:\/\/api.w.org\/{rel}","templated":true}]}}