{"id":9188,"date":"2021-09-06T13:30:00","date_gmt":"2021-09-06T11:30:00","guid":{"rendered":"https:\/\/www.kp.sik.si\/?p=9188"},"modified":"2021-09-06T13:30:00","modified_gmt":"2021-09-06T11:30:00","slug":"biblioteca-dei-ragazzi-mostra-fotografica-natura-2000-e-wild-slovenia-la-natura-ci-unisce","status":"publish","type":"post","link":"https:\/\/www.kp.sik.si\/it\/2021\/09\/06\/biblioteca-dei-ragazzi-mostra-fotografica-natura-2000-e-wild-slovenia-la-natura-ci-unisce\/","title":{"rendered":"Biblioteca dei Ragazzi: Mostra fotografica Natura 2000 e Wild Slovenia: la natura ci unisce"},"content":{"rendered":"<div class=\"entry-image\"><strong>La mostra fotografica itinerante Natura 2000 e Wild Slovenia: Nature Connects \u00e8 nata nell\u2019ambito del progetto integrato LIFE (LIFE-IP NATURA.SI), in collaborazione con i creatori del film documentario Wild Slovenia.<\/strong><\/div>\n<div class=\"entry-content\">\n<p>La mostra presenta 15 specie vegetali e animali meno conosciute, interessanti specie di uccelli, mammiferi, anfibi, insetti, rettili, pesci e crostacei e tre specie di piante. Ogni foto \u00e8 accompagnata da interessanti curiosit\u00e0 sulla vita di questi eccezionali abitanti della natura slovena. La mostra sar\u00e0 ospitata dalla\u00a0<strong>Biblioteca dei Ragazzi dal 1. al 30 settembre.<\/strong><\/p>\n<p><iframe title=\"YouTube video player\" src=\"https:\/\/www.youtube.com\/embed\/TfMKL-r-gOU\" width=\"560\" height=\"315\" frameborder=\"0\" allowfullscreen=\"allowfullscreen\"><\/iframe><\/p>\n<\/div>\n<div class=\"fb-background-color\">\n\t\t\t  <div \n\t\t\t  \tclass = \"fb-comments\" \n\t\t\t  \tdata-href = \"https:\/\/www.kp.sik.si\/it\/2021\/09\/06\/biblioteca-dei-ragazzi-mostra-fotografica-natura-2000-e-wild-slovenia-la-natura-ci-unisce\/\"\n\t\t\t  \tdata-numposts = \"10\"\n\t\t\t  \tdata-lazy = \"true\"\n\t\t\t\tdata-colorscheme = \"light\"\n\t\t\t\tdata-order-by = \"social\"\n\t\t\t\tdata-mobile=true>\n\t\t\t  <\/div><\/div>\n\t\t  <style>\n\t\t    .fb-background-color {\n\t\t\t\tbackground:  !important;\n\t\t\t}\n\t\t\t.fb_iframe_widget_fluid_desktop iframe {\n\t\t\t    width: 100% !important;\n\t\t\t}\n\t\t  <\/style>\n\t\t  ","protected":false},"excerpt":{"rendered":"<p>La mostra fotografica itinerante Natura 2000 e Wild Slovenia: Nature Connects \u00e8 nata nell\u2019ambito del progetto integrato LIFE (LIFE-IP NATURA.SI), in collaborazione con i creatori del film documentario Wild Slovenia. [&hellip;]<\/p>\n","protected":false},"author":7,"featured_media":9189,"comment_status":"open","ping_status":"open","sticky":false,"template":"","format":"standard","meta":{"_acf_changed":false,"footnotes":""},"categories":[37],"tags":[],"class_list":["post-9188","post","type-post","status-publish","format-standard","has-post-thumbnail","hentry","category-non-categorizzato"],"acf":[],"_links":{"self":[{"href":"https:\/\/www.kp.sik.si\/it\/wp-json\/wp\/v2\/posts\/9188","targetHints":{"allow":["GET"]}}],"collection":[{"href":"https:\/\/www.kp.sik.si\/it\/wp-json\/wp\/v2\/posts"}],"about":[{"href":"https:\/\/www.kp.sik.si\/it\/wp-json\/wp\/v2\/types\/post"}],"author":[{"embeddable":true,"href":"https:\/\/www.kp.sik.si\/it\/wp-json\/wp\/v2\/users\/7"}],"replies":[{"embeddable":true,"href":"https:\/\/www.kp.sik.si\/it\/wp-json\/wp\/v2\/comments?post=9188"}],"version-history":[{"count":1,"href":"https:\/\/www.kp.sik.si\/it\/wp-json\/wp\/v2\/posts\/9188\/revisions"}],"predecessor-version":[{"id":9192,"href":"https:\/\/www.kp.sik.si\/it\/wp-json\/wp\/v2\/posts\/9188\/revisions\/9192"}],"wp:featuredmedia":[{"embeddable":true,"href":"https:\/\/www.kp.sik.si\/it\/wp-json\/wp\/v2\/media\/9189"}],"wp:attachment":[{"href":"https:\/\/www.kp.sik.si\/it\/wp-json\/wp\/v2\/media?parent=9188"}],"wp:term":[{"taxonomy":"category","embeddable":true,"href":"https:\/\/www.kp.sik.si\/it\/wp-json\/wp\/v2\/categories?post=9188"},{"taxonomy":"post_tag","embeddable":true,"href":"https:\/\/www.kp.sik.si\/it\/wp-json\/wp\/v2\/tags?post=9188"}],"curies":[{"name":"wp","href":"https:\/\/api.w.org\/{rel}","templated":true}]}}