{"id":9872,"date":"2021-12-01T13:29:47","date_gmt":"2021-12-01T12:29:47","guid":{"rendered":"https:\/\/www.kp.sik.si\/?p=9872"},"modified":"2021-12-01T13:29:47","modified_gmt":"2021-12-01T12:29:47","slug":"avventura-invernale-alla-biblioteca-centrale-srecko-vilhar-di-capodistria","status":"publish","type":"post","link":"https:\/\/www.kp.sik.si\/it\/2021\/12\/01\/avventura-invernale-alla-biblioteca-centrale-srecko-vilhar-di-capodistria\/","title":{"rendered":"Avventura invernale alla Biblioteca centrale Sre\u010dko Vilhar di Capodistria"},"content":{"rendered":"<p><strong>La Biblioteca centrale Sre\u010dko Vilhar di Capodistria ha iniziato i festeggiamenti per il mese di dicembre con la mostra &#8220;Oh, ti stereotipi! &#8221; (Oh, questi stereotipi!), prorogata fino alla fine del mese grazie all&#8217;ottima risposta dei visitatori. A fine settimana, venerd\u00ec 3 dicembre 2021, alle ore 19, avr\u00e0 termine la campagna di lettura &#8220;Primorci beremo&#8221; con la visita dello scrittore August Dem\u0161ar, mentre i bambini l&#8217;8 dicembre 2021, alle ore 16, saranno intrattenuti dal mago Toni, il quale concluder\u00e0 l&#8217;anniversario della biblioteconomia slovena a Capodistria. La celebrazione dell&#8217;anno giubilare, che ha visto nella biblioteca di Capodistria la realizzazione di eventi e novit\u00e0, si concluder\u00e0 il 16 dicembre 2021, alle ore 11, a Palazzo Pretorio a Capodistria, con un momento solenne. Il Dipartimento per i giovani lettori si occuper\u00e0, invece, della fine dell&#8217;anno, con toni dai colori da favola con &#8220;Zimsko bralno dogodiv\u0161\u010dino \u2013 V vrtincu domi\u0161ljije z Rovko \u010crkolovko&#8221;\/ &#8220;l&#8217;Avventura di letture invernali &#8211; In un turbinio di immaginazione con Tunellina Alfabeti&#8221;.<\/strong><\/p>\n<p>Dicembre in Biblioteca inizia con la conclusione della campagna di lettura &#8220;Primorci beremo&#8221;, che avr\u00e0 come ospite il giallista Avgust Dem\u0161ar. Coloro che hanno aderito alla campagna di lettura, hanno potuto leggere il suo romanzo poliziesco intitolato Retrospektiva. L&#8217;incontro avr\u00e0 luogo nell&#8217;atrio della Biblioteca centrale Sre\u010dko Vilhar di Capodistria in questo festoso giorno della cultura, il 3 dicembre 2021, alle ore 19.<\/p>\n<p><img fetchpriority=\"high\" decoding=\"async\" class=\"aligncenter wp-image-9834 size-large\" src=\"https:\/\/www.kp.sik.si\/wp-content\/uploads\/2021\/11\/Avgust_Demsar-1024x555.jpg\" alt=\"\" width=\"1024\" height=\"555\" srcset=\"https:\/\/www.kp.sik.si\/wp-content\/uploads\/2021\/11\/Avgust_Demsar-1024x555.jpg 1024w, https:\/\/www.kp.sik.si\/wp-content\/uploads\/2021\/11\/Avgust_Demsar-300x163.jpg 300w, https:\/\/www.kp.sik.si\/wp-content\/uploads\/2021\/11\/Avgust_Demsar-768x416.jpg 768w, https:\/\/www.kp.sik.si\/wp-content\/uploads\/2021\/11\/Avgust_Demsar-1536x832.jpg 1536w, https:\/\/www.kp.sik.si\/wp-content\/uploads\/2021\/11\/Avgust_Demsar-2048x1110.jpg 2048w, https:\/\/www.kp.sik.si\/wp-content\/uploads\/2021\/11\/Avgust_Demsar-830x450.jpg 830w, https:\/\/www.kp.sik.si\/wp-content\/uploads\/2021\/11\/Avgust_Demsar-940x509.jpg 940w\" sizes=\"(max-width: 1024px) 100vw, 1024px\" \/><\/p>\n<p>Coloro che hanno portato a termine con successo la campagna di lettura, potranno ritirare il premio, realizzato in collaborazione con la Libreria Libris, presso la biblioteca di Capodistria dal 3 dicembre in poi.<\/p>\n<p><strong>Tutto sulla mostra Oh, ti stereotipi! &#8211; Oh, questi stereotipi!<\/strong><\/p>\n<p>La mostra &#8220;Oh, ti stereotipi! &#8211; V o\u010deh drugega &#8211; slovenski pisatelji govorijo o Italijanih, italijanski pa o Slovencih &#8221; \/ &#8220;Oh, questi stereotipi! &#8211; Agli occhi di un altro &#8211; Gli scrittori sloveni parlano degli scrittori italiani e quelli italiani degli scrittori sloveni&#8221; \u00e8 stata realizzata presso la Biblioteca nazionale slovena e degli Studi di Trieste in collaborazione con l&#8217;Unione dei Circoli Culturali Sloveni. Gli scrittori hanno una sensibilit\u00e0 speciale nel percepire lo spirito dei tempi e il polso della societ\u00e0 in cui vivono. Se leggiamo attentamente i testi presentati di cui Boris Pahor, Alojz Rebula, Marko Kravos, Du\u0161an Jelin\u010di\u010d, Marko Sosi\u010d nonch\u00e9 Scipio Slataper, Pier Antonio Quarantotti-Gambini, Enzo Bettiza, Fulvio Tomizza e Mauro Covacich, possiamo tracciare l&#8217;emergere di tali stereotipi e di come l&#8217;atteggiamento nei confronti del prossimo si modifica nel tempo. Brani selezionati sono integrati da commenti satirici di fumettisti del gruppo &#8220;Vile in vampi&#8221;. Potete vedere la mostra fino al 31 dicembre.<\/p>\n<p><strong>Festeggiamo il 70\u00b0 anniversario della biblioteconomia a Capodistria con un mago, un linguista e uno storico, dispettosi<\/strong><\/p>\n<p>Quest&#8217;anno a Capodistria ricorre il 70\u00b0 anniversario della biblioteconomia slovena. In occasione di questo anniversario, la Biblioteca centrale Sre\u010dko Vilhar di Capodistria, durante tutto l&#8217;anno ha organizzato eventi culturali con tematiche specifiche. A conclusione dei festeggiamenti, saremo i primi ad essere catturati dal puerile e giocoso mago Toni, che far\u00e0 visita al Dipartimento per i giovani lettori (via Verdi 2, 6000 Capodistria) l&#8217;8 dicembre, alle ore 16. Il mago Toni ha creato un suo stile di &#8220;stregone divertente e volutamente goffo&#8221;, che viene sbeffeggiato di cuore sia dai bambini che dagli adulti. In tempo di limitazioni Covid, quando la scena culturale era praticamente in stallo, ha ripercorso nella sua mente tutta la sua vita riversandola poi su carta. \u00c8 stato creato cos\u00ec un libro intitolato \u010carodej Toni (Il mago Toni) sottotitolato Avtobiografija kme\u010dkega fanta, \u010darobnega umetnika in lokalnega politika (Autobiografia di un contadino, artista magico e politico locale), che porter\u00e0 con s\u00e9 per tutti coloro che vorranno fare una lettura interessante.<\/p>\n<p><img decoding=\"async\" class=\"aligncenter wp-image-9859 size-full\" src=\"https:\/\/www.kp.sik.si\/wp-content\/uploads\/2021\/12\/Carodej-Toni.jpg\" alt=\"\" width=\"790\" height=\"793\" srcset=\"https:\/\/www.kp.sik.si\/wp-content\/uploads\/2021\/12\/Carodej-Toni.jpg 790w, https:\/\/www.kp.sik.si\/wp-content\/uploads\/2021\/12\/Carodej-Toni-300x300.jpg 300w, https:\/\/www.kp.sik.si\/wp-content\/uploads\/2021\/12\/Carodej-Toni-150x150.jpg 150w, https:\/\/www.kp.sik.si\/wp-content\/uploads\/2021\/12\/Carodej-Toni-768x771.jpg 768w\" sizes=\"(max-width: 790px) 100vw, 790px\" \/><\/p>\n<p>Gioved\u00ec 16 dicembre, alle ore 11, concluderemo la ricorrenza con un evento solenne, che avr\u00e0 luogo al Palazzo Pretorio di Capodistria. Attraverso la storia della biblioteca e del vernacolo, autoctono nel Litorale, saremo accompagnati dal dott. Salvator \u017ditko, storico, editore, pubblicista e membro onorario sloveno del Comune di Capodistria 2021 e dalla linguista dott.ssa Suzana Todorovi\u0107, con loro la moderatirce dott.ssa Tanja Jakomin Kocjan\u010di\u010d.<\/p>\n<p><strong>Fine anno colorato da favola<\/strong><\/p>\n<p>La biblioteca centrale Sre\u010dko Vilhar di Capodistria e Tunellina Alfabeti invitano tutti i bambini, i loro genitori e i nonni ad un&#8217;avventurosa lettura invernale. Tunellina vuole portare tutta la famiglia nel turbinio della lettura familiare. La campagna &#8220;Zimska bralna dogodiv\u0161\u010dina \u2013 V vrtincu domi\u0161ljije z Rovko \u010crkolovko \/ l&#8217;Avventura di letture invernali &#8211; In un turbinio di immaginazione con Tunellina Alfabeti&#8221;, partir\u00e0 il 3 dicembre, in questo festoso giorno della cultura e durer\u00e0 fino al 1o marzo 2022. Presso il Dipartimento per giovani lettori, coloro che desiderano aderire alla campagna potranno trovare i buoni lettura di Tunellina. Devi leggere 5 libri e compilare il buono, una volta compilato va consegnato al Dipartimento per giovani lettori e inserito in un apposito contenitore pensato per raccogliere i buoni di lettura. Tutti i partecipanti riceveranno un certificato che attesta l&#8217;avventura di lettura invernale e un piccolo dono.<\/p>\n<p><img decoding=\"async\" class=\"aligncenter wp-image-9870 size-large\" src=\"https:\/\/www.kp.sik.si\/wp-content\/uploads\/2021\/12\/Rovka-kolaz2-1024x598.jpg\" alt=\"\" width=\"1024\" height=\"598\" srcset=\"https:\/\/www.kp.sik.si\/wp-content\/uploads\/2021\/12\/Rovka-kolaz2-1024x598.jpg 1024w, https:\/\/www.kp.sik.si\/wp-content\/uploads\/2021\/12\/Rovka-kolaz2-300x175.jpg 300w, https:\/\/www.kp.sik.si\/wp-content\/uploads\/2021\/12\/Rovka-kolaz2-768x449.jpg 768w, https:\/\/www.kp.sik.si\/wp-content\/uploads\/2021\/12\/Rovka-kolaz2-1536x897.jpg 1536w, https:\/\/www.kp.sik.si\/wp-content\/uploads\/2021\/12\/Rovka-kolaz2-2048x1197.jpg 2048w, https:\/\/www.kp.sik.si\/wp-content\/uploads\/2021\/12\/Rovka-kolaz2-830x485.jpg 830w, https:\/\/www.kp.sik.si\/wp-content\/uploads\/2021\/12\/Rovka-kolaz2-940x549.jpg 940w\" sizes=\"(max-width: 1024px) 100vw, 1024px\" \/><\/p>\n<p>Tunellina Alfabeti sortegger\u00e0 tre fortunati vincitori che riceveranno un regalo molto speciale: il primo premio consiste in una Vacanza di famiglia &#8211; 3 notti in un moderno appartamento presso l&#8217;eco-fattoria \u010cebelji gradi\u010d, il secondo premio consiste in un biglietto famiglia per il Pot med kro\u0161njami e il terzo vincitore avr\u00e0 in dono una valigietta del Creative Lego Classic.<\/p>\n<p>A causa dell&#8217;attuale situazione epidemica dovuta la covid, \u00e8 necessario registrarsi agli eventi. Si accettano prenotazione fino ad esaurimento posti, all&#8217;indirizzo e-mail tina.sarazin@knjiznica-koper.si.<\/p>\n<div class=\"fb-background-color\">\n\t\t\t  <div \n\t\t\t  \tclass = \"fb-comments\" \n\t\t\t  \tdata-href = \"https:\/\/www.kp.sik.si\/it\/2021\/12\/01\/avventura-invernale-alla-biblioteca-centrale-srecko-vilhar-di-capodistria\/\"\n\t\t\t  \tdata-numposts = \"10\"\n\t\t\t  \tdata-lazy = \"true\"\n\t\t\t\tdata-colorscheme = \"light\"\n\t\t\t\tdata-order-by = \"social\"\n\t\t\t\tdata-mobile=true>\n\t\t\t  <\/div><\/div>\n\t\t  <style>\n\t\t    .fb-background-color {\n\t\t\t\tbackground:  !important;\n\t\t\t}\n\t\t\t.fb_iframe_widget_fluid_desktop iframe {\n\t\t\t    width: 100% !important;\n\t\t\t}\n\t\t  <\/style>\n\t\t  ","protected":false},"excerpt":{"rendered":"<p>La Biblioteca centrale Sre\u010dko Vilhar di Capodistria ha iniziato i festeggiamenti per il mese di dicembre con la mostra &#8220;Oh, ti stereotipi! &#8221; (Oh, questi stereotipi!), prorogata fino alla fine [&hellip;]<\/p>\n","protected":false},"author":7,"featured_media":9308,"comment_status":"open","ping_status":"open","sticky":false,"template":"","format":"standard","meta":{"_acf_changed":false,"footnotes":""},"categories":[49],"tags":[],"class_list":["post-9872","post","type-post","status-publish","format-standard","has-post-thumbnail","hentry","category-informazioni-generali"],"acf":[],"_links":{"self":[{"href":"https:\/\/www.kp.sik.si\/it\/wp-json\/wp\/v2\/posts\/9872","targetHints":{"allow":["GET"]}}],"collection":[{"href":"https:\/\/www.kp.sik.si\/it\/wp-json\/wp\/v2\/posts"}],"about":[{"href":"https:\/\/www.kp.sik.si\/it\/wp-json\/wp\/v2\/types\/post"}],"author":[{"embeddable":true,"href":"https:\/\/www.kp.sik.si\/it\/wp-json\/wp\/v2\/users\/7"}],"replies":[{"embeddable":true,"href":"https:\/\/www.kp.sik.si\/it\/wp-json\/wp\/v2\/comments?post=9872"}],"version-history":[{"count":1,"href":"https:\/\/www.kp.sik.si\/it\/wp-json\/wp\/v2\/posts\/9872\/revisions"}],"predecessor-version":[{"id":9875,"href":"https:\/\/www.kp.sik.si\/it\/wp-json\/wp\/v2\/posts\/9872\/revisions\/9875"}],"wp:featuredmedia":[{"embeddable":true,"href":"https:\/\/www.kp.sik.si\/it\/wp-json\/wp\/v2\/media\/9308"}],"wp:attachment":[{"href":"https:\/\/www.kp.sik.si\/it\/wp-json\/wp\/v2\/media?parent=9872"}],"wp:term":[{"taxonomy":"category","embeddable":true,"href":"https:\/\/www.kp.sik.si\/it\/wp-json\/wp\/v2\/categories?post=9872"},{"taxonomy":"post_tag","embeddable":true,"href":"https:\/\/www.kp.sik.si\/it\/wp-json\/wp\/v2\/tags?post=9872"}],"curies":[{"name":"wp","href":"https:\/\/api.w.org\/{rel}","templated":true}]}}